{"id":1028,"date":"2026-03-31T12:29:54","date_gmt":"2026-03-31T12:29:54","guid":{"rendered":"https:\/\/dante-learning.com\/ger\/reflexive-verben-im-italienischen-svegliarsi-lavarsi-co\/"},"modified":"2026-04-09T20:57:38","modified_gmt":"2026-04-09T20:57:38","slug":"italienisch-reflexive-verben","status":"publish","type":"post","link":"https:\/\/dante-learning.com\/ger\/italienisch-reflexive-verben\/","title":{"rendered":"Reflexive Verben Italienisch: svegliarsi, lavarsi und Co."},"content":{"rendered":"\n<p><strong>Kurz gesagt:<\/strong> <strong>Reflexive Verben<\/strong> (<em>verbi riflessivi<\/em>) im Italienischen erkennt man am <em>-si<\/em> am Ende des Infinitivs: <em>svegliarsi<\/em> (aufwachen), <em>lavarsi<\/em> (sich waschen), <em>vestirsi<\/em> (sich anziehen). Das Reflexivpronomen (<em>mi, ti, si, ci, vi, si<\/em>) steht vor dem konjugierten Verb. Im Passato Prossimo verwenden alle reflexiven Verben <em>essere<\/em> als Hilfsverb.<\/p>\n\n\n\n<p><\/p>\n\n\n<div class=\"gb-container gb-container-toc-1028\"><div class=\"gb-inside-container\">\n\n<p><\/p>\n\n\n<h2 class=\"gb-headline gb-headline-toc-head-1028 gb-headline-text\">Cosa impareremo oggi<\/h2>\n\n\n<p class=\"has-text-align-center\">&#x1F446;&#x1F3FB;<br>Links zu den Abschnitten<\/p>\n\n\n<hr class=\"wp-block-separator has-alpha-channel-opacity is-style-wide\" \/>\n\n\n<ul class=\"wp-block-list\">\n<li><a href=\"#was\">Was sind reflexive Verben?<\/a><br><em>Cosa sono i verbi riflessivi?<\/em><\/li>\n\n\n<li><a href=\"#konjugation\">Konjugation im Presente<\/a><br><em>Coniugazione al presente<\/em><\/li>\n\n\n<li><a href=\"#alltag\">Die wichtigsten reflexiven Verben im Alltag<\/a><br><em>I verbi riflessivi pi&ugrave; importanti<\/em><\/li>\n\n\n<li><a href=\"#passato\">Reflexive Verben im Passato Prossimo<\/a><br><em>I riflessivi al passato prossimo<\/em><\/li>\n\n\n<li><a href=\"#reziprok\">Reziproke Verben<\/a><br><em>Verbi reciproci<\/em><\/li>\n\n\n<li><a href=\"#fehler\">Typische Fehler<\/a><br><em>Errori tipici<\/em><\/li>\n\n\n<li><a href=\"#dialog\">Dialogo<\/a><\/li>\n<\/ul>\n\n\n<hr class=\"wp-block-separator has-alpha-channel-opacity is-style-wide\" \/>\n\n\n<ul class=\"wp-block-list\">\n<li><a href=\"#quiz\">&Uuml;bung<\/a><\/li>\n\n\n<li><a href=\"#faq\">FAQ<\/a><\/li>\n<\/ul>\n\n\n<p><\/p>\n\n<\/div><\/div>\n\n\n<p><\/p>\n\n\n\n<hr class=\"wp-block-separator has-alpha-channel-opacity is-style-wide\" \/>\n\n\n\n<h2 class=\"gb-headline gb-headline-h2-was-1028 gb-headline-text\" id=\"was\">Was sind reflexive Verben?<br><em>Cosa sono i verbi riflessivi?<\/em><\/h2>\n\n\n\n<p>Ein reflexives Verb beschreibt eine Handlung, bei der das Subjekt die Handlung an sich selbst ausf&uuml;hrt. Im Deutschen kennt man das auch: &bdquo;Ich wasche <strong>mich<\/strong>&ldquo;, &bdquo;Du setzt <strong>dich<\/strong>&ldquo;. Im Italienischen funktioniert es genauso, nur dass es deutlich mehr reflexive Verben gibt als im Deutschen.<\/p>\n\n\n\n<p>Im Infinitiv erkennt man <strong>reflexive Verben<\/strong> an der Endung <em>-si<\/em>: <em>lavarsi<\/em> (sich waschen), <em>svegliarsi<\/em> (aufwachen), <em>vestirsi<\/em> (sich anziehen). Das <em>-si<\/em> ersetzt die normale Infinitivendung (<em>lavare<\/em> &#x2192; <em>lavarsi<\/em>).<\/p>\n\n\n\n<p>Der Unterschied zwischen reflexiv und nicht-reflexiv:<\/p>\n\n\n\n<ul class=\"wp-block-list\">\n<li><em>Lavo la macchina.<\/em> &ndash; Ich wasche das Auto. (nicht reflexiv: ich wasche etwas anderes)<\/li>\n\n\n\n<li><em>Mi lavo.<\/em> &ndash; Ich wasche mich. (reflexiv: ich wasche mich selbst)<\/li>\n\n\n\n<li><em>Sveglio i bambini.<\/em> &ndash; Ich wecke die Kinder. (nicht reflexiv)<\/li>\n\n\n\n<li><em>Mi sveglio.<\/em> &ndash; Ich wache auf. (reflexiv: ich wecke mich selbst)<\/li>\n<\/ul>\n\n\n\n<p>Viele Verben, die im Italienischen reflexiv sind, sind es im Deutschen nicht: <em>chiamarsi<\/em> (hei&szlig;en, w&ouml;rtlich: sich rufen), <em>sentirsi<\/em> (sich f&uuml;hlen), <em>trovarsi<\/em> (sich befinden), <em>annoiarsi<\/em> (sich langweilen), <em>arrabbiarsi<\/em> (sich &auml;rgern).<\/p>\n\n\n\n<p>Im Italienischen gibt es deutlich mehr reflexive Verben als im Deutschen. Viele allt&auml;gliche Handlungen wie Aufstehen, Anziehen und Waschen werden reflexiv ausgedr&uuml;ckt. Die Reflexivpronomen (<em>mi, ti, si, ci, vi, si<\/em>) stehen vor dem konjugierten Verb.<\/p>\n\n\n\n<p>Im <em>passato prossimo<\/em> verwenden reflexive Verben immer das Hilfsverb <em>essere<\/em>, und das Partizip wird angeglichen: <em>Marco si &egrave; svegliato<\/em> (Marco ist aufgewacht), <em>Maria si &egrave; svegliata<\/em>, <em>I ragazzi si sono svegliati<\/em>, <em>Le ragazze si sono svegliate<\/em>. Diese Regel gilt ohne Ausnahme f&uuml;r alle reflexiven Verben.<\/p>\n\n\n\n<p><\/p>\n\n\n\n<hr class=\"wp-block-separator has-alpha-channel-opacity is-style-wide\" \/>\n\n\n\n<h2 class=\"gb-headline gb-headline-h2-konj-1028 gb-headline-text\" id=\"konjugation\">Konjugation im Presente<br><em>Coniugazione al presente<\/em><\/h2>\n\n\n\n<p>Die Konjugation eines reflexiven Verbs besteht aus zwei Teilen: dem Reflexivpronomen und dem konjugierten Verb. Das Verb wird ganz normal konjugiert (nach seiner Gruppe: -are, -ere, -ire), und das Reflexivpronomen steht davor.<\/p>\n\n\n\n<p>Die Reflexivpronomen sind:<\/p>\n\n\n\n<figure class=\"wp-block-table is-style-stripes\"><table class=\"has-fixed-layout\"><thead><tr><th>Person<\/th><th>Pronomen<\/th><th>svegliarsi<\/th><th>&Uuml;bersetzung<\/th><\/tr><\/thead><tbody><tr><td><em>io<\/em><\/td><td><em>mi<\/em><\/td><td><em>mi sveglio<\/em><\/td><td>ich wache auf<\/td><\/tr><tr><td><em>tu<\/em><\/td><td><em>ti<\/em><\/td><td><em>ti svegli<\/em><\/td><td>du wachst auf<\/td><\/tr><tr><td><em>lui\/lei<\/em><\/td><td><em>si<\/em><\/td><td><em>si sveglia<\/em><\/td><td>er\/sie wacht auf<\/td><\/tr><tr><td><em>noi<\/em><\/td><td><em>ci<\/em><\/td><td><em>ci svegliamo<\/em><\/td><td>wir wachen auf<\/td><\/tr><tr><td><em>voi<\/em><\/td><td><em>vi<\/em><\/td><td><em>vi svegliate<\/em><\/td><td>ihr wacht auf<\/td><\/tr><tr><td><em>loro<\/em><\/td><td><em>si<\/em><\/td><td><em>si svegliano<\/em><\/td><td>sie wachen auf<\/td><\/tr><\/tbody><\/table><\/figure>\n\n\n\n<p>Noch ein Beispiel mit <em>lavarsi<\/em> (sich waschen, -are-Verb):<\/p>\n\n\n\n<p><em>Mi lavo, ti lavi, si lava, ci laviamo, vi lavate, si lavano.<\/em><\/p>\n\n\n\n<p>Und mit <em>vestirsi<\/em> (sich anziehen, -ire-Verb):<\/p>\n\n\n\n<p><em>Mi vesto, ti vesti, si veste, ci vestiamo, vi vestite, si vestono.<\/em><\/p>\n\n\n\n<p>Die Verneinung steht vor dem Reflexivpronomen: <em>Non mi sveglio mai prima delle sette.<\/em> (Ich wache nie vor sieben auf.)<\/p>\n\n\n\n<p>Bei Modalverben kann das Reflexivpronomen vor dem Modalverb oder am Infinitiv stehen:<\/p>\n\n\n\n<ul class=\"wp-block-list\">\n<li><em>Mi devo alzare presto.<\/em> = <em>Devo alzarmi presto.<\/em><br>Ich muss fr&uuml;h aufstehen.<\/li>\n\n\n\n<li><em>Ti vuoi sedere?<\/em> = <em>Vuoi sederti?<\/em><br>Willst du dich setzen?<\/li>\n<\/ul>\n\n\n\n<p><\/p>\n\n\n\n<hr class=\"wp-block-separator has-alpha-channel-opacity is-style-wide\" \/>\n\n\n\n\n<p>Die Reflexivpronomen im Italienischen entsprechen den deutschen Formen (mich, dich, sich&#8230;), haben aber eine eigene Reihe. Hier eine &Uuml;bersicht mit allen Personen:<\/p>\n\n\n\n<figure class=\"wp-block-table\"><table><thead><tr><th>Person<\/th><th>Subjektpronomen<\/th><th>Reflexivpronomen<\/th><th>Beispiel<\/th><\/tr><\/thead><tbody><tr><td>1. Sg.<\/td><td><em>io<\/em><\/td><td><em>mi<\/em><\/td><td><em>Io mi lavo.<\/em><\/td><\/tr><tr><td>2. Sg.<\/td><td><em>tu<\/em><\/td><td><em>ti<\/em><\/td><td><em>Tu ti vesti.<\/em><\/td><\/tr><tr><td>3. Sg.<\/td><td><em>lui\/lei<\/em><\/td><td><em>si<\/em><\/td><td><em>Lei si pettina.<\/em><\/td><\/tr><tr><td>1. Pl.<\/td><td><em>noi<\/em><\/td><td><em>ci<\/em><\/td><td><em>Noi ci alziamo.<\/em><\/td><\/tr><tr><td>2. Pl.<\/td><td><em>voi<\/em><\/td><td><em>vi<\/em><\/td><td><em>Voi vi preparate.<\/em><\/td><\/tr><tr><td>3. Pl.<\/td><td><em>loro<\/em><\/td><td><em>si<\/em><\/td><td><em>Loro si svegliano.<\/em><\/td><\/tr><\/tbody><\/table><\/figure>\n\n\n\n<p>Die 3. Person Singular und Plural verwenden beide <em>si<\/em>. Im H&ouml;flichkeitsform (<em>Lei<\/em>) wird ebenfalls <em>si<\/em> verwendet: <em>Lei si sieda, per favore.<\/em> (Setzen Sie sich bitte.)<\/p>\n\n\n\n<h2 class=\"gb-headline gb-headline-h2-allt-1028 gb-headline-text\" id=\"alltag\">Die wichtigsten reflexiven Verben im Alltag<br><em>I verbi riflessivi pi&ugrave; importanti<\/em><\/h2>\n\n\n\n<p>Viele <strong>reflexive Verben<\/strong> beschreiben den Tagesablauf und die t&auml;gliche Routine. Hier die h&auml;ufigsten:<\/p>\n\n\n\n<p><strong>Morgenroutine:<\/strong><\/p>\n\n\n\n<ul class=\"wp-block-list\">\n<li><em>svegliarsi<\/em> &ndash; aufwachen: <em>Mi sveglio alle sette.<\/em><\/li>\n\n\n\n<li><em>alzarsi<\/em> &ndash; aufstehen: <em>Mi alzo subito.<\/em><\/li>\n\n\n\n<li><em>lavarsi<\/em> &ndash; sich waschen: <em>Mi lavo la faccia.<\/em><\/li>\n\n\n\n<li><em>farsi la doccia<\/em> &ndash; duschen: <em>Mi faccio la doccia.<\/em><\/li>\n\n\n\n<li><em>vestirsi<\/em> &ndash; sich anziehen: <em>Mi vesto velocemente.<\/em><\/li>\n\n\n\n<li><em>pettinarsi<\/em> &ndash; sich k&auml;mmen: <em>Mi pettino i capelli.<\/em><\/li>\n\n\n\n<li><em>truccarsi<\/em> &ndash; sich schminken: <em>Mi trucco in cinque minuti.<\/em><\/li>\n<\/ul>\n\n\n\n<p><strong>Gef&uuml;hle und Zust&auml;nde:<\/strong><\/p>\n\n\n\n<ul class=\"wp-block-list\">\n<li><em>sentirsi<\/em> &ndash; sich f&uuml;hlen: <em>Mi sento bene oggi.<\/em><\/li>\n\n\n\n<li><em>annoiarsi<\/em> &ndash; sich langweilen: <em>Mi annoio a questa festa.<\/em><\/li>\n\n\n\n<li><em>arrabbiarsi<\/em> &ndash; sich &auml;rgern: <em>Non ti arrabbiare!<\/em><\/li>\n\n\n\n<li><em>preoccuparsi<\/em> &ndash; sich Sorgen machen: <em>Mi preoccupo per l&#8217;esame.<\/em><\/li>\n\n\n\n<li><em>divertirsi<\/em> &ndash; sich am&uuml;sieren: <em>Ci divertiamo molto.<\/em><\/li>\n\n\n\n<li><em>rilassarsi<\/em> &ndash; sich entspannen: <em>Mi rilasso sul divano.<\/em><\/li>\n<\/ul>\n\n\n\n<p><strong>Andere h&auml;ufige:<\/strong><\/p>\n\n\n\n<ul class=\"wp-block-list\">\n<li><em>chiamarsi<\/em> &ndash; hei&szlig;en: <em>Mi chiamo Marco.<\/em><\/li>\n\n\n\n<li><em>trovarsi<\/em> &ndash; sich befinden: <em>Il ristorante si trova in centro.<\/em><\/li>\n\n\n\n<li><em>sedersi<\/em> &ndash; sich setzen: <em>Mi siedo qui.<\/em><\/li>\n\n\n\n<li><em>sposarsi<\/em> &ndash; heiraten: <em>Si sposano a giugno.<\/em><\/li>\n\n\n\n<li><em>addormentarsi<\/em> &ndash; einschlafen: <em>Mi addormento sempre tardi.<\/em><\/li>\n<\/ul>\n\n\n\n<p>Eine typische Beschreibung des Tagesablaufs k&ouml;nnte so klingen:<\/p>\n\n\n\n<p><em>Mi sveglio alle sette, mi alzo, mi faccio la doccia, mi vesto e mi pettino. Poi faccio colazione e mi preparo per uscire. La sera mi rilasso, guardo un film e mi addormento verso le undici.<\/em><\/p>\n\n\n\n<p>(Ich wache um sieben auf, stehe auf, dusche, ziehe mich an und k&auml;mme mich. Dann fr&uuml;hst&uuml;cke ich und mache mich fertig zum Ausgehen. Am Abend entspanne ich mich, schaue einen Film und schlafe gegen elf ein.)<\/p>\n\n\n<div class=\"gb-container gb-container-wr1-1028\">\n\n<p>&#x1F4A1; <strong>Reflexiv im Italienischen, nicht im Deutschen<\/strong> <em>Chiamarsi<\/em> (hei&szlig;en) ist im Italienischen reflexiv: <em>Mi chiamo Marco<\/em> (w&ouml;rtlich: Ich rufe mich Marco). Im Deutschen ist &bdquo;hei&szlig;en&ldquo; kein reflexives Verb. Umgekehrt gibt es auch F&auml;lle, wo das Deutsche reflexiv ist, das Italienische aber nicht: &bdquo;sich erinnern&ldquo; = <em>ricordare<\/em> (oder <em>ricordarsi<\/em>, beides ist m&ouml;glich).<\/p>\n\n<\/div>\n\n\n<p><\/p>\n\n\n\n<hr class=\"wp-block-separator has-alpha-channel-opacity is-style-wide\" \/>\n\n\n\n\n<p>Ein typischer Morgen auf Italienisch zeigt, wie h&auml;ufig reflexive Verben im Alltag vorkommen. Hier eine komplette Morgenroutine:<\/p>\n\n\n\n<ul class=\"wp-block-list\">\n<li><em>Mi sveglio alle sette.<\/em> &ndash; Ich wache um sieben auf.<\/li>\n\n\n<li><em>Mi alzo subito.<\/em> &ndash; Ich stehe sofort auf.<\/li>\n\n\n<li><em>Mi faccio la doccia.<\/em> &ndash; Ich dusche mich.<\/li>\n\n\n<li><em>Mi asciugo i capelli.<\/em> &ndash; Ich trockne mir die Haare.<\/li>\n\n\n<li><em>Mi vesto.<\/em> &ndash; Ich ziehe mich an.<\/li>\n\n\n<li><em>Mi trucco.<\/em> \/ <em>Mi faccio la barba.<\/em> &ndash; Ich schminke mich. \/ Ich rasiere mich.<\/li>\n\n\n<li><em>Mi metto le scarpe.<\/em> &ndash; Ich ziehe mir die Schuhe an.<\/li>\n<\/ul>\n\n\n\n<p>Beachte: Bei K&ouml;rperteilen und Kleidungsst&uuml;cken verwendet man im Italienischen das Reflexivpronomen statt des Possessivpronomens: <em>Mi lavo <strong>le<\/strong> mani<\/em> (Ich wasche mir die H&auml;nde), nicht <em>*lavo le mie mani<\/em>.<\/p>\n\n\n\n<h2 class=\"gb-headline gb-headline-h2-pass-1028 gb-headline-text\" id=\"passato\">Reflexive Verben im Passato Prossimo<br><em>I riflessivi al passato prossimo<\/em><\/h2>\n\n\n\n<p>Alle <strong>reflexiven Verben<\/strong> bilden das Passato Prossimo mit <em>essere<\/em> als Hilfsverb. Das bedeutet: Das Partizip passt sich in Geschlecht und Zahl an das Subjekt an.<\/p>\n\n\n\n<figure class=\"wp-block-table is-style-stripes\"><table class=\"has-fixed-layout\"><thead><tr><th>Person<\/th><th>svegliarsi<\/th><th>&Uuml;bersetzung<\/th><\/tr><\/thead><tbody><tr><td><em>io<\/em> (m.)<\/td><td><em>mi sono svegliato<\/em><\/td><td>ich bin aufgewacht<\/td><\/tr><tr><td><em>io<\/em> (f.)<\/td><td><em>mi sono svegliata<\/em><\/td><td>ich bin aufgewacht<\/td><\/tr><tr><td><em>tu<\/em> (m.)<\/td><td><em>ti sei svegliato<\/em><\/td><td>du bist aufgewacht<\/td><\/tr><tr><td><em>tu<\/em> (f.)<\/td><td><em>ti sei svegliata<\/em><\/td><td>du bist aufgewacht<\/td><\/tr><tr><td><em>lui<\/em><\/td><td><em>si &egrave; svegliato<\/em><\/td><td>er ist aufgewacht<\/td><\/tr><tr><td><em>lei<\/em><\/td><td><em>si &egrave; svegliata<\/em><\/td><td>sie ist aufgewacht<\/td><\/tr><tr><td><em>noi<\/em><\/td><td><em>ci siamo svegliati\/e<\/em><\/td><td>wir sind aufgewacht<\/td><\/tr><tr><td><em>voi<\/em><\/td><td><em>vi siete svegliati\/e<\/em><\/td><td>ihr seid aufgewacht<\/td><\/tr><tr><td><em>loro<\/em><\/td><td><em>si sono svegliati\/e<\/em><\/td><td>sie sind aufgewacht<\/td><\/tr><\/tbody><\/table><\/figure>\n\n\n\n<p>Die Struktur ist: Reflexivpronomen + <em>essere<\/em> (konjugiert) + Partizip (angepasst).<\/p>\n\n\n\n<p>Einige Beispiele:<\/p>\n\n\n\n<ul class=\"wp-block-list\">\n<li><em>Stamattina mi sono svegliato alle sei.<\/em><br>Heute Morgen bin ich um sechs aufgewacht. (Sprecher m&auml;nnlich)<\/li>\n\n\n\n<li><em>Maria si &egrave; vestita in fretta.<\/em><br>Maria hat sich schnell angezogen.<\/li>\n\n\n\n<li><em>Ci siamo divertiti molto alla festa.<\/em><br>Wir haben uns auf der Feier sehr am&uuml;siert.<\/li>\n\n\n\n<li><em>Le ragazze si sono arrabbiate.<\/em><br>Die M&auml;dchen haben sich ge&auml;rgert.<\/li>\n\n\n\n<li><em>Ti sei lavato le mani?<\/em><br>Hast du dir die H&auml;nde gewaschen?<\/li>\n<\/ul>\n\n\n\n<p><\/p>\n\n\n\n<hr class=\"wp-block-separator has-alpha-channel-opacity is-style-wide\" \/>\n\n\n\n\n<p>Im <em>passato prossimo<\/em> wird das Partizip bei reflexiven Verben immer an das Subjekt angeglichen. Das gilt f&uuml;r Geschlecht und Zahl:<\/p>\n\n\n\n<figure class=\"wp-block-table\"><table><thead><tr><th>Subjekt<\/th><th>Beispiel<\/th><th>&Uuml;bersetzung<\/th><\/tr><\/thead><tbody><tr><td>Mann (Sg.)<\/td><td><em>Mi sono svegliato.<\/em><\/td><td>Ich bin aufgewacht.<\/td><\/tr><tr><td>Frau (Sg.)<\/td><td><em>Mi sono svegliata.<\/em><\/td><td>Ich bin aufgewacht.<\/td><\/tr><tr><td>M&auml;nner (Pl.)<\/td><td><em>Ci siamo svegliati.<\/em><\/td><td>Wir sind aufgewacht.<\/td><\/tr><tr><td>Frauen (Pl.)<\/td><td><em>Ci siamo svegliate.<\/em><\/td><td>Wir sind aufgewacht.<\/td><\/tr><tr><td>Gemischt (Pl.)<\/td><td><em>Vi siete divertiti.<\/em><\/td><td>Ihr habt euch am&uuml;siert.<\/td><\/tr><\/tbody><\/table><\/figure>\n\n\n\n<p>Dieser Punkt wird oft vergessen: <em>Essere<\/em> ist bei reflexiven Verben im Passato Prossimo immer Pflicht, auch wenn das Verb normalerweise <em>avere<\/em> nehmen w&uuml;rde. Vergleiche: <em>Ho lavato la macchina<\/em> (Ich habe das Auto gewaschen) vs. <em>Mi sono lavato le mani<\/em> (Ich habe mir die H&auml;nde gewaschen).<\/p>\n\n\n\n<h2 class=\"gb-headline gb-headline-h2-rez-1028 gb-headline-text\" id=\"reziprok\">Reziproke Verben<br><em>Verbi reciproci<\/em><\/h2>\n\n\n\n<p>Eine Sondergruppe der reflexiven Verben sind die reziproken Verben. Sie dr&uuml;cken aus, dass zwei oder mehr Personen etwas gegenseitig tun: &bdquo;sich gegenseitig sehen&ldquo;, &bdquo;einander lieben&ldquo;.<\/p>\n\n\n\n<p>Die Form ist dieselbe wie bei reflexiven Verben, aber nur im Plural (ci, vi, si):<\/p>\n\n\n\n<ul class=\"wp-block-list\">\n<li><em>vedersi<\/em> &ndash; sich sehen: <em>Ci vediamo domani.<\/em> (Wir sehen uns morgen.)<\/li>\n\n\n\n<li><em>sentirsi<\/em> &ndash; sich h&ouml;ren\/in Kontakt sein: <em>Ci sentiamo!<\/em> (Wir h&ouml;ren voneinander!)<\/li>\n\n\n\n<li><em>incontrarsi<\/em> &ndash; sich treffen: <em>Ci incontriamo al bar.<\/em> (Wir treffen uns in der Bar.)<\/li>\n\n\n\n<li><em>abbracciarsi<\/em> &ndash; sich umarmen: <em>Si abbracciano sempre.<\/em> (Sie umarmen sich immer.)<\/li>\n\n\n\n<li><em>salutarsi<\/em> &ndash; sich begr&uuml;&szlig;en: <em>Si salutano con un bacio.<\/em> (Sie begr&uuml;&szlig;en sich mit einem Kuss.)<\/li>\n\n\n\n<li><em>conoscersi<\/em> &ndash; sich kennen: <em>Vi conoscete?<\/em> (Kennt ihr euch?)<\/li>\n\n\n\n<li><em>amarsi<\/em> &ndash; sich lieben: <em>Si amano da trent&#8217;anni.<\/em> (Sie lieben sich seit drei&szlig;ig Jahren.)<\/li>\n\n\n\n<li><em>sposarsi<\/em> &ndash; sich heiraten: <em>Si sono sposati a Venezia.<\/em> (Sie haben in Venedig geheiratet.)<\/li>\n<\/ul>\n\n\n\n<p>Im Passato Prossimo verwenden auch reziproke Verben <em>essere<\/em>: <em>Ci siamo visti ieri.<\/em> (Wir haben uns gestern gesehen.) <em>Si sono incontrati al cinema.<\/em> (Sie haben sich im Kino getroffen.)<\/p>\n\n\n<div class=\"gb-container gb-container-wr2-1028\">\n\n<p>&#x1F4A1; <strong>Ci vediamo! und Ci sentiamo!<\/strong> Diese beiden Formeln sind sehr h&auml;ufige Abschiedsgr&uuml;&szlig;e. <em>Ci vediamo!<\/em> (Wir sehen uns!) verwendet man, wenn man sich pers&ouml;nlich wiedersehen wird. <em>Ci sentiamo!<\/em> (Wir h&ouml;ren voneinander!) verwendet man, wenn der Kontakt per Telefon oder Nachricht weitergehen wird. Beide sind informell und freundschaftlich.<\/p>\n\n<\/div>\n\n\n<p><\/p>\n\n\n\n<hr class=\"wp-block-separator has-alpha-channel-opacity is-style-wide\" \/>\n\n\n\n\n<p>Die wichtigsten reziproken Verben, die du kennen solltest:<\/p>\n\n\n\n<ul class=\"wp-block-list\">\n<li><em>abbracciarsi<\/em> &ndash; sich umarmen: <em>Ci abbracciamo sempre quando ci vediamo.<\/em><\/li>\n\n\n<li><em>baciarsi<\/em> &ndash; sich k&uuml;ssen: <em>Si baciano sulla guancia.<\/em><\/li>\n\n\n<li><em>incontrarsi<\/em> &ndash; sich treffen: <em>Ci incontriamo al bar alle tre.<\/em><\/li>\n\n\n<li><em>scriversi<\/em> &ndash; sich schreiben: <em>Vi scrivete ancora?<\/em><\/li>\n\n\n<li><em>parlarsi<\/em> &ndash; miteinander reden: <em>Non si parlano pi&ugrave;.<\/em> (Sie reden nicht mehr miteinander.)<\/li>\n\n\n<li><em>volersi bene<\/em> &ndash; sich gern haben: <em>Ci vogliamo bene.<\/em><\/li>\n<\/ul>\n\n\n\n<p>Im Passato Prossimo werden reziproke Verben genau wie reflexive Verben konjugiert &ndash; mit <em>essere<\/em> und Angleichung: <em>Ci siamo incontrati al cinema.<\/em> (Wir haben uns im Kino getroffen.) \/ <em>Si sono scritte per mesi.<\/em> (Sie haben sich monatelang geschrieben.)<\/p>\n\n\n\n<h2 class=\"gb-headline gb-headline-h2-fehl-1028 gb-headline-text\" id=\"fehler\">Typische Fehler bei reflexiven Verben<br><em>Errori tipici<\/em><\/h2>\n\n\n\n<p>Die h&auml;ufigsten Fehler bei den <strong>reflexiven Verben<\/strong>:<\/p>\n\n\n\n<ul class=\"wp-block-list\">\n<li><strong>Fehler 1:<\/strong> Das Reflexivpronomen vergessen.<br>&#x274C; <em>*Sveglio alle sette.<\/em><br>&#x2705; <em>Mi sveglio alle sette.<\/em><\/li>\n\n\n\n<li><strong>Fehler 2:<\/strong> Im Passato Prossimo <em>avere<\/em> statt <em>essere<\/em> verwenden.<br>&#x274C; <em>*Mi ho svegliato.<\/em><br>&#x2705; <em>Mi sono svegliato.<\/em><\/li>\n\n\n\n<li><strong>Fehler 3:<\/strong> Das Partizip nicht an das Subjekt anpassen.<br>&#x274C; <em>*Maria si &egrave; svegliato.<\/em><br>&#x2705; <em>Maria si &egrave; svegliata.<\/em> (feminin: -a)<\/li>\n\n\n\n<li><strong>Fehler 4:<\/strong> Das Reflexivpronomen nach dem Verb setzen.<br>&#x274C; <em>*Sveglio mi alle sette.<\/em><br>&#x2705; <em>Mi sveglio alle sette.<\/em> (Pronomen VOR dem konjugierten Verb)<\/li>\n\n\n\n<li><strong>Fehler 5:<\/strong> Das falsche Reflexivpronomen verwenden.<br>&#x274C; <em>*Marco mi sveglia.<\/em> (Das bedeutet: Marco weckt MICH)<br>&#x2705; <em>Marco si sveglia.<\/em> (Marco wacht auf = weckt sich selbst)<\/li>\n<\/ul>\n\n\n\n<figure class=\"wp-block-table is-style-stripes\"><table><thead><tr><th>Deutsch (nicht reflexiv)<\/th><th>Italienisch (reflexiv)<\/th><th>Beispiel<\/th><\/tr><\/thead><tbody><tr><td>aufwachen<\/td><td><em>svegliarsi<\/em><\/td><td><em>Mi sveglio alle 7.<\/em><\/td><\/tr><tr><td>aufstehen<\/td><td><em>alzarsi<\/em><\/td><td><em>Mi alzo presto.<\/em><\/td><\/tr><tr><td>sich waschen<\/td><td><em>lavarsi<\/em><\/td><td><em>Mi lavo le mani.<\/em><\/td><\/tr><tr><td>sich anziehen<\/td><td><em>vestirsi<\/em><\/td><td><em>Mi vesto in fretta.<\/em><\/td><\/tr><tr><td>sich setzen<\/td><td><em>sedersi<\/em><\/td><td><em>Mi siedo al tavolo.<\/em><\/td><\/tr><tr><td>einschlafen<\/td><td><em>addormentarsi<\/em><\/td><td><em>Mi addormento tardi.<\/em><\/td><\/tr><tr><td>sich langweilen<\/td><td><em>annoiarsi<\/em><\/td><td><em>Mi annoio a lezione.<\/em><\/td><\/tr><\/tbody><\/table><\/figure>\n\n\n\n<p>Im Italienischen gibt es auch sogenannte &bdquo;falsch reflexive&ldquo; Verben (<em>verbi pronominali<\/em>), die ein Reflexivpronomen tragen, aber keine reflexive Bedeutung haben. Beispiele: <em>arrabbiarsi<\/em> (sich &auml;rgern, w&uuml;tend werden), <em>preoccuparsi<\/em> (sich Sorgen machen), <em>accorgersi<\/em> (bemerken), <em>pentirsi<\/em> (bereuen), <em>vergognarsi<\/em> (sich sch&auml;men).<\/p>\n\n\n\n<figure class=\"wp-block-table is-style-stripes\"><table><thead><tr><th>Reflexiv<\/th><th>Nicht reflexiv<\/th><th>Bedeutungsunterschied<\/th><\/tr><\/thead><tbody><tr><td><em>chiamarsi<\/em> (hei&szlig;en)<\/td><td><em>chiamare<\/em> (rufen, anrufen)<\/td><td>reflexiv = sich selbst nennen<\/td><\/tr><tr><td><em>sentirsi<\/em> (sich f&uuml;hlen)<\/td><td><em>sentire<\/em> (h&ouml;ren, sp&uuml;ren)<\/td><td>reflexiv = eigener Zustand<\/td><\/tr><tr><td><em>trovarsi<\/em> (sich befinden)<\/td><td><em>trovare<\/em> (finden)<\/td><td>reflexiv = Ort\/Zustand<\/td><\/tr><tr><td><em>mettersi<\/em> (sich anziehen)<\/td><td><em>mettere<\/em> (legen, stellen)<\/td><td>reflexiv = auf sich selbst bezogen<\/td><\/tr><tr><td><em>fermarsi<\/em> (anhalten, stehen bleiben)<\/td><td><em>fermare<\/em> (anhalten, stoppen)<\/td><td>reflexiv = sich selbst stoppen<\/td><\/tr><\/tbody><\/table><\/figure>\n\n\n\n<p>Im Infinitiv steht das Reflexivpronomen <em>si<\/em> am Ende: <em>svegliarsi, lavarsi, vestirsi<\/em>. In W&ouml;rterb&uuml;chern findet man reflexive Verben immer in dieser Form, was sie leicht erkennbar macht.<\/p>\n\n\n\n<p><\/p>\n\n\n\n<hr class=\"wp-block-separator has-alpha-channel-opacity is-style-wide\" \/>\n\n\n\n<h2 class=\"gb-headline gb-headline-h2-dial-1028 gb-headline-text\" id=\"dialog\">Dialogo: Morgenroutine<br><em>Dialog: La routine del mattino<\/em><\/h2>\n\n\n<div class=\"gb-container gb-container-dialog-1028\">\n\n<ul class=\"wp-block-list\">\n<li>&#x1F469;&#x200D;&#x1F9B0; <strong>Elena<\/strong>: A che ora ti svegli di solito?<br><em>Um wie viel Uhr wachst du normalerweise auf?<\/em><br><\/li>\n\n\n\n<li>&#x1F9D4;&#x1F3FB; <strong>Paolo<\/strong>: Mi sveglio alle sei e mezza, ma mi alzo solo alle sette. E tu?<br><em>Ich wache um halb sieben auf, aber ich stehe erst um sieben auf. Und du?<\/em><br><\/li>\n\n\n\n<li>&#x1F469;&#x200D;&#x1F9B0; <strong>Elena<\/strong>: Io mi sveglio alle sette, mi faccio la doccia e mi vesto in dieci minuti. Non mi trucco durante la settimana.<br><em>Ich wache um sieben auf, dusche und ziehe mich in zehn Minuten an. Unter der Woche schminke ich mich nicht.<\/em><br><\/li>\n\n\n\n<li>&#x1F9D4;&#x1F3FB; <strong>Paolo<\/strong>: Dieci minuti? Io ci metto almeno mezz&#8217;ora! Mi lavo, mi vesto, mi pettino&#8230;<br><em>Zehn Minuten? Ich brauche mindestens eine halbe Stunde! Ich wasche mich, ziehe mich an, k&auml;mme mich&#8230;<\/em><br><\/li>\n\n\n\n<li>&#x1F469;&#x200D;&#x1F9B0; <strong>Elena<\/strong>: E la sera? Ti addormenti subito?<br><em>Und abends? Schl&auml;fst du sofort ein?<\/em><br><\/li>\n\n\n\n<li>&#x1F9D4;&#x1F3FB; <strong>Paolo<\/strong>: No, mi rilasso un po&#8216;, leggo e poi mi addormento verso mezzanotte.<br><em>Nein, ich entspanne mich ein bisschen, lese und dann schlafe ich gegen Mitternacht ein.<\/em><br><\/li>\n<\/ul>\n\n<\/div>\n\n\n<p>Per approfondire i verbi riflessivi, consulta la voce dedicata su <a href=\"https:\/\/www.treccani.it\/enciclopedia\/verbi-riflessivi_%28La-grammatica-italiana%29\/\" target=\"_blank\" rel=\"noopener\">Treccani<\/a>. Lies auch unseren Artikel zur <a href=\"\/ger\/verben-im-presente-konjugation\/\">Konjugation der regelm&auml;&szlig;igen Verben<\/a>.<\/p>\n\n\n\n<p><\/p>\n\n\n\n<hr class=\"wp-block-separator has-alpha-channel-opacity is-style-wide\" \/>\n\n\n<div class=\"gb-container gb-container-spick-1028\">\n\n<h3 class=\"gb-headline gb-headline-h3-spick-1028 gb-headline-text\">&#x1F4CC; Spickzettel: Reflexive Verben<\/h3>\n\n\n<p><strong>Pronomen:<\/strong> mi, ti, si, ci, vi, si<br><strong>Position:<\/strong> VOR dem konjugierten Verb: <em>Mi sveglio.<\/em><\/p>\n\n\n<p><strong>Presente:<\/strong> Pronomen + Verb (normal konjugiert)<br><em>Mi lavo, ti lavi, si lava, ci laviamo, vi lavate, si lavano<\/em><\/p>\n\n\n<p><strong>Passato Prossimo:<\/strong> Pronomen + essere + Partizip (angepasst!)<br><em>Mi sono svegliato\/a, ti sei svegliato\/a, si &egrave; svegliato\/a&#8230;<\/em><\/p>\n\n\n<p><strong>Merke:<\/strong> Immer <em>essere<\/em> im PP. Partizip passt sich an!<\/p>\n\n<\/div>\n\n\n<p><\/p>\n\n\n<div class=\"gb-container gb-container-challenge-1028\">\n\n<p>&#x1F3AF; <strong>Kleine Herausforderung: setze das Reflexivpronomen ein!<\/strong><br><em>Inserisci il pronome riflessivo corretto.<\/em><\/p>\n\n\n<ul class=\"wp-block-list\">\n<li>Io _______ sveglio alle sette.<\/li>\n\n\n<li>Tu _______ lavi le mani?<\/li>\n\n\n<li>Maria _______ veste elegante.<\/li>\n\n\n<li>Noi _______ divertiamo molto.<\/li>\n\n\n<li>Marco _______ &egrave; svegliato tardi. (Passato Prossimo)<\/li>\n<\/ul>\n\n\n<p><details><summary><strong>Soluzioni anzeigen<\/strong><\/summary><br>1. <em>mi<\/em> (io &#x2192; mi)<br>2. <em>ti<\/em> (tu &#x2192; ti)<br>3. <em>si<\/em> (lei &#x2192; si)<br>4. <em>ci<\/em> (noi &#x2192; ci)<br>5. <em>si<\/em> (lui &#x2192; si: Marco si &egrave; svegliato)<\/details><\/p>\n\n<\/div>\n\n\n<ul class=\"wp-block-list\">\n<li><em>La mattina mi sveglio, mi alzo e mi faccio la doccia.<\/em><br>Morgens wache ich auf, stehe auf und dusche.<\/li>\n\n\n\n<li><em>Come ti chiami?<\/em><br>Wie hei&szlig;t du? (w&ouml;rtlich: Wie nennst du dich?)<\/li>\n\n\n\n<li><em>Ci vediamo domani!<\/em><br>Wir sehen uns morgen!<\/li>\n\n\n\n<li><em>Si &egrave; sposata l&#8217;anno scorso.<\/em><br>Sie hat letztes Jahr geheiratet.<\/li>\n\n\n\n<li><em>Vi divertite alla festa?<\/em><br>Am&uuml;siert ihr euch auf der Party?<\/li>\n\n\n<\/ul>\n\n\n\n<ul class=\"wp-block-list\">\n<li><em>Mi sono arrabbiato con il mio collega.<\/em><br>Ich habe mich &uuml;ber meinen Kollegen ge&auml;rgert.<\/li>\n\n\n\n<li><em>Non ti preoccupare, andr&agrave; tutto bene.<\/em><br>Mach dir keine Sorgen, es wird alles gut.<\/li>\n\n\n\n<li><em>Mi sono accorto troppo tardi dell&#8217;errore.<\/em><br>Ich habe den Fehler zu sp&auml;t bemerkt.<\/li>\n\n\n\n<li><em>Si &egrave; pentito della sua decisione.<\/em><br>Er hat seine Entscheidung bereut.<\/li>\n\n\n\n<li><em>Non vergognarti, capita a tutti!<\/em><br>Sch&auml;m dich nicht, das passiert jedem!<\/li>\n\n\n\n<li><em>Ci siamo trovati bene in quell&#8217;albergo.<\/em><br>Wir haben uns in dem Hotel wohlgef&uuml;hlt.<\/li>\n\n\n<\/ul>\n\n\n\n<p>Im gesprochenen Italienisch verwenden viele Sprecher das Pronomen <em>si<\/em> als unpers\u00f6nliches Pronomen, &auml;hnlich dem deutschen &bdquo;man&ldquo;: <em>In Italia si mangia bene<\/em> (In Italien isst man gut), <em>Come si dice in tedesco?<\/em> (Wie sagt man auf Deutsch?), <em>Qui si parla italiano<\/em> (Hier spricht man Italienisch). Diese Konstruktion ist im Alltag allgegenw&auml;rtig.<\/p>\n\n\n\n<p><\/p>\n\n\n\n<hr class=\"wp-block-separator has-alpha-channel-opacity is-style-wide\" \/>\n\n\n\n<h2 class=\"gb-headline gb-headline-h2-quiz-1028 gb-headline-text\" id=\"quiz\">&Uuml;bung: Reflexive Verben<br><em>Esercizio<\/em><\/h2>\n\n\n<div class=\"gb-container gb-container-quiz-box-1028\"><div class=\"gb-inside-container\">\n\n        <div class=\"wpProQuiz_content\" id=\"wpProQuiz_355\">\n                    <div style=\"display: none;\" class=\"wpProQuiz_time_limit\">\n            <div class=\"time\">Time limit: <span>0<\/span><\/div>\n            <div class=\"wpProQuiz_progress\"><\/div>\n        <\/div>\n                <div class=\"wpProQuiz_checkPage\" style=\"display: none;\">\n            <h4 class=\"wpProQuiz_header\">Quiz-summary<\/h4>\n\n            <p>\n                <span>0<\/span> of 6 questions completed            <\/p>\n\n            <p>Questions:<\/p>\n\n            <div style=\"margin-bottom: 20px;\" class=\"wpProQuiz_box\">\n                <ol>\n                                            <li>1<\/li>\n                                            <li>2<\/li>\n                                            <li>3<\/li>\n                                            <li>4<\/li>\n                                            <li>5<\/li>\n                                            <li>6<\/li>\n                                    <\/ol>\n                <div style=\"clear: both;\"><\/div>\n            <\/div>\n\n            \n            <input type=\"button\" name=\"endQuizSummary\" value=\"Finish quiz\"\n                   class=\"wpProQuiz_button\">\n        <\/div>\n                <div class=\"wpProQuiz_infopage\" style=\"display: none;\">\n            <h4>Information<\/h4>\n\n            \n            <input type=\"button\" name=\"endInfopage\" value=\"Finish quiz\"\n                   class=\"wpProQuiz_button\">\n        <\/div>\n                <div class=\"wpProQuiz_text\">\n            <p>\n                <p style=\"text-align: center;\">&#8211;<\/p>\n            <\/p>\n\n            \n            <div>\n                <input class=\"wpProQuiz_button\" type=\"button\" value=\"Start quiz\"\n                       name=\"startQuiz\">\n            <\/div>\n        <\/div>\n                <div style=\"display: none;\" class=\"wpProQuiz_lock\">\n            <p>\n                You have already completed the quiz before. Hence you can not start it again.            <\/p>\n        <\/div>\n                <div style=\"display: none;\" class=\"wpProQuiz_loadQuiz\">\n            <p>\n                Quiz is loading...            <\/p>\n        <\/div>\n                <div style=\"display: none;\" class=\"wpProQuiz_startOnlyRegisteredUser\">\n            <p>\n                You must sign in or sign up to start the quiz.            <\/p>\n        <\/div>\n                <div style=\"display: none;\" class=\"wpProQuiz_prerequisite\">\n            <p>\n                You have to finish following quiz, to start this quiz:                <span><\/span>\n            <\/p>\n        <\/div>\n                <div style=\"display: none;\" class=\"wpProQuiz_results\">\n            <h4 class=\"wpProQuiz_header\">Results<\/h4>\n                        <p class=\"wpProQuiz_time_limit_expired\" style=\"display: none;\">\n                Time has elapsed            <\/p>\n                            <p class=\"wpProQuiz_points\">\n                    You have reached <span>0<\/span> of <span>0<\/span> points, (<span>0<\/span>)                <\/p>\n                                    <div class=\"wpProQuiz_catOverview\" >\n                <h4>Categories<\/h4>\n\n                <div style=\"margin-top: 10px;\">\n                    <ol>\n                                                    <li data-category_id=\"403\">\n                                <span class=\"wpProQuiz_catName\">Riflessivi<\/span>\n                                <span class=\"wpProQuiz_catPercent\">0%<\/span>\n                            <\/li>\n                                            <\/ol>\n                <\/div>\n            <\/div>\n            <div>\n                <ul class=\"wpProQuiz_resultsList\">\n                                            <li style=\"display: none;\">\n                            <div>\n                                <div style=\"padding: 16px 24px 0;\"><span style=\"display: inline-block; background: #1565c0; color: #fff; font-size: 12px; font-weight: bold; text-transform: uppercase; letter-spacing: 1.5px; padding: 4px 12px; border-radius: 4px;\">Noch am Anfang<\/span><\/div>\n<div style=\"padding: 12px 24px 20px;\">\n<p style=\"margin: 0 0 12px;\">Questo argomento richiede ancora un lavoro mirato. Ti consiglio una lezione individuale dove possiamo lavorare insieme sui punti deboli e costruire una base solida.<\/p>\n<\/div>\n<div style=\"padding: 0 24px 20px; text-align: center;\"><a style=\"display: block; text-align: center; padding: 14px 20px; border: 3px solid #1565c0; border-radius: 10px; color: #1565c0; font-size: 18px; font-weight: bold; text-decoration: none;\" href=\"https:\/\/dante-learning.com\/ger\/account\/\">Kostenlose Probestunde buchen<\/a><\/p>\n<p style=\"font-size: 13px; color: #999; margin: 6px 0 0;\">30 Minuten auf Zoom \u00b7 unverbindlich \u00b7 kostenlos<\/p>\n<\/div>\n<div style=\"margin: 0 24px 24px; border: 1px solid #e0e0e0; border-radius: 12px; overflow: hidden;\">\n<div style=\"padding: 16px; text-align: center; background: #e3f2fd;\"><img decoding=\"async\" style=\"width: 70px; height: 70px; border-radius: 8px; display: block; margin: 0 auto 8px;\" src=\"https:\/\/dante-learning.com\/wp-content\/uploads\/2025\/06\/vacanze.webp\" alt=\"Einzelunterricht\" \/><\/p>\n<p style=\"font-size: 18px; font-weight: bold; color: #333; margin: 0 0 2px;\">Einzelunterricht<\/p>\n<p style=\"font-size: 13px; font-weight: 600; color: #1565c0; margin: 0;\">Alle Niveaus<\/p>\n<\/div>\n<div style=\"padding: 14px 16px;\">\n<p style=\"color: #555; margin: 0 0 10px; line-height: 2;\">\u2022 55-min\u00fctige Einzelstunde auf Zoom<br \/>\u2022 Deine pers\u00f6nliche Lehrkraft<br \/>\u2022 Individuelle Niveaueinsch\u00e4tzung<br \/>\u2022 Interaktive Online-Materialien<br \/>\u2022 Hausaufgaben nach jeder Lektion<\/p>\n<p><a style=\"color: #1565c0; font-weight: bold; text-decoration: none;\" href=\"https:\/\/dante-learning.com\/ger\/account\/\">Mehr erfahren \u2192<\/a><\/div>\n<\/div>\n                            <\/div>\n                        <\/li>\n                                            <li style=\"display: none;\">\n                            <div>\n                                <div style=\"padding: 16px 24px 0;\"><span style=\"display: inline-block; background: #1565c0; color: #fff; font-size: 12px; font-weight: bold; text-transform: uppercase; letter-spacing: 1.5px; padding: 4px 12px; border-radius: 4px;\">Buon inizio<\/span><\/div>\n<div style=\"padding: 12px 24px 20px;\">\n<p style=\"margin: 0 0 12px;\">Buone basi! Servono ancora pratica e riflessione su alcuni punti. Un pacchetto di lezioni ti permette di lavorare con calma e flessibilit\u00e0 su questo argomento.<\/p>\n<\/div>\n<div style=\"padding: 0 24px 20px; text-align: center;\"><a style=\"display: block; text-align: center; padding: 14px 20px; border: 3px solid #1565c0; border-radius: 10px; color: #1565c0; font-size: 18px; font-weight: bold; text-decoration: none;\" href=\"https:\/\/dante-learning.com\/ger\/account\/\">Kostenlose Probestunde buchen<\/a><\/p>\n<p style=\"font-size: 13px; color: #999; margin: 6px 0 0;\">30 Minuten auf Zoom \u00b7 unverbindlich \u00b7 kostenlos<\/p>\n<\/div>\n<div style=\"margin: 0 24px 24px; border: 1px solid #e0e0e0; border-radius: 12px; overflow: hidden;\">\n<div style=\"padding: 16px; text-align: center; background: #e3f2fd;\"><img decoding=\"async\" style=\"width: 70px; height: 70px; border-radius: 8px; display: block; margin: 0 auto 8px;\" src=\"https:\/\/dante-learning.com\/wp-content\/uploads\/2025\/06\/vacanze.webp\" alt=\"10-Stunden-Paket\" \/><\/p>\n<p style=\"font-size: 18px; font-weight: bold; color: #333; margin: 0 0 2px;\">10-Stunden-Paket<\/p>\n<p style=\"font-size: 13px; font-weight: 600; color: #1565c0; margin: 0;\">Flexible Einzelstunden<\/p>\n<\/div>\n<div style=\"padding: 14px 16px;\">\n<p style=\"color: #555; margin: 0 0 10px; line-height: 2;\">\u2022 10 Einzelstunden auf Zoom<br \/>\u2022 Flexibel planbar, kein fester Rhythmus<br \/>\u2022 Individuelle Niveaueinsch\u00e4tzung<br \/>\u2022 Interaktive Online-Materialien<br \/>\u2022 Hausaufgaben nach jeder Lektion<\/p>\n<p><a style=\"color: #1565c0; font-weight: bold; text-decoration: none;\" href=\"https:\/\/dante-learning.com\/ger\/account\/\">Mehr erfahren \u2192<\/a><\/div>\n<\/div>\n                            <\/div>\n                        <\/li>\n                                            <li style=\"display: none;\">\n                            <div>\n                                <div style=\"padding: 16px 24px 0;\"><span style=\"display: inline-block; background: #1565c0; color: #fff; font-size: 12px; font-weight: bold; text-transform: uppercase; letter-spacing: 1.5px; padding: 4px 12px; border-radius: 4px;\">Molto bene<\/span><\/div>\n<div style=\"padding: 12px 24px 20px;\">\n<p style=\"margin: 0 0 12px;\">Molto bene! Qualche imprecisione qua e l\u00e0, ma le basi sono solide. Sei pronto per fare il passo successivo con altri studenti.<\/p>\n<\/div>\n<div style=\"padding: 0 24px 20px; text-align: center;\"><a style=\"display: block; text-align: center; padding: 14px 20px; border: 3px solid #1565c0; border-radius: 10px; color: #1565c0; font-size: 18px; font-weight: bold; text-decoration: none;\" href=\"https:\/\/dante-learning.com\/ger\/account\/\">Kostenlose Probestunde buchen<\/a><\/p>\n<p style=\"font-size: 13px; color: #999; margin: 6px 0 0;\">30 Minuten auf Zoom \u00b7 unverbindlich \u00b7 kostenlos<\/p>\n<\/div>\n<div style=\"margin: 0 24px 24px; border: 1px solid #e0e0e0; border-radius: 12px; overflow: hidden;\">\n<div style=\"padding: 16px; text-align: center; background: #e3f2fd;\"><img decoding=\"async\" style=\"width: 70px; height: 70px; border-radius: 8px; display: block; margin: 0 auto 8px;\" src=\"https:\/\/dante-learning.com\/eng\/wp-content\/uploads\/2025\/05\/4-chiacchierebianco.webp\" alt=\"Quattro Chiacchiere\" \/><\/p>\n<p style=\"font-size: 18px; font-weight: bold; color: #333; margin: 0 0 2px;\">Quattro Chiacchiere<\/p>\n<p style=\"font-size: 13px; font-weight: 600; color: #1565c0; margin: 0;\">Gruppenkurs B2-C1<\/p>\n<\/div>\n<div style=\"padding: 14px 16px;\">\n<p style=\"color: #555; margin: 0 0 10px; line-height: 2;\">\u2022 100% auf Italienisch<br \/>\u2022 Kleine Gruppen, max. 4 Sch\u00fcler<br \/>\u2022 W\u00f6chentliche Zoom-Lektionen<br \/>\u2022 Lesen, Wortschatz, Grammatik, H\u00f6ren<br \/>\u2022 4-Lektionen-Zyklen, jederzeit einsteigen<\/p>\n<p><a style=\"color: #1565c0; font-weight: bold; text-decoration: none;\" href=\"https:\/\/dante-learning.com\/ger\/account\/\">Mehr erfahren \u2192<\/a><\/div>\n<\/div>\n                            <\/div>\n                        <\/li>\n                                            <li style=\"display: none;\">\n                            <div>\n                                <div style=\"padding: 16px 24px 0;\"><span style=\"display: inline-block; background: #1565c0; color: #fff; font-size: 12px; font-weight: bold; text-transform: uppercase; letter-spacing: 1.5px; padding: 4px 12px; border-radius: 4px;\">Ottimo risultato!<\/span><\/div>\n<div style=\"padding: 12px 24px 20px;\">\n<p style=\"margin: 0 0 12px;\">Complimenti! Padronanza sicura di questo argomento. Sei pronto per fare il passo successivo con altri studenti.<\/p>\n<\/div>\n<div style=\"padding: 0 24px 20px; text-align: center;\"><a style=\"display: block; text-align: center; padding: 14px 20px; border: 3px solid #1565c0; border-radius: 10px; color: #1565c0; font-size: 18px; font-weight: bold; text-decoration: none;\" href=\"https:\/\/dante-learning.com\/ger\/account\/\">Kostenlose Probestunde buchen<\/a><\/p>\n<p style=\"font-size: 13px; color: #999; margin: 6px 0 0;\">30 Minuten auf Zoom \u00b7 unverbindlich \u00b7 kostenlos<\/p>\n<\/div>\n<div style=\"margin: 0 24px 24px; border: 1px solid #e0e0e0; border-radius: 12px; overflow: hidden;\">\n<div style=\"padding: 16px; text-align: center; background: #e3f2fd;\"><img decoding=\"async\" style=\"width: 70px; height: 70px; border-radius: 8px; display: block; margin: 0 auto 8px;\" src=\"https:\/\/dante-learning.com\/eng\/wp-content\/uploads\/2025\/05\/4-chiacchierebianco.webp\" alt=\"Quattro Chiacchiere\" \/><\/p>\n<p style=\"font-size: 18px; font-weight: bold; color: #333; margin: 0 0 2px;\">Quattro Chiacchiere<\/p>\n<p style=\"font-size: 13px; font-weight: 600; color: #1565c0; margin: 0;\">Gruppenkurs B2-C1<\/p>\n<\/div>\n<div style=\"padding: 14px 16px;\">\n<p style=\"color: #555; margin: 0 0 10px; line-height: 2;\">\u2022 100% auf Italienisch<br \/>\u2022 Kleine Gruppen, max. 4 Sch\u00fcler<br \/>\u2022 W\u00f6chentliche Zoom-Lektionen<br \/>\u2022 Lesen, Wortschatz, Grammatik, H\u00f6ren<br \/>\u2022 4-Lektionen-Zyklen, jederzeit einsteigen<\/p>\n<p><a style=\"color: #1565c0; font-weight: bold; text-decoration: none;\" href=\"https:\/\/dante-learning.com\/ger\/account\/\">Mehr erfahren \u2192<\/a><\/div>\n<\/div>\n                            <\/div>\n                        <\/li>\n                                    <\/ul>\n            <\/div>\n                        <div style=\"margin: 10px 0px;\">\n                                            <\/div>\n        <\/div>\n                <div class=\"wpProQuiz_reviewDiv\" style=\"display: none;\">\n            <div class=\"wpProQuiz_reviewQuestion\">\n                <ol>\n                                            <li>1<\/li>\n                                            <li>2<\/li>\n                                            <li>3<\/li>\n                                            <li>4<\/li>\n                                            <li>5<\/li>\n                                            <li>6<\/li>\n                                    <\/ol>\n                <div style=\"display: none;\"><\/div>\n            <\/div>\n            <div class=\"wpProQuiz_reviewLegend\">\n                <ol>\n                    <li>\n                        <span class=\"wpProQuiz_reviewColor\" style=\"background-color: #6CA54C;\"><\/span>\n                        <span class=\"wpProQuiz_reviewText\">Answered<\/span>\n                    <\/li>\n                    <li>\n                        <span class=\"wpProQuiz_reviewColor\" style=\"background-color: #FFB800;\"><\/span>\n                        <span class=\"wpProQuiz_reviewText\">Review<\/span>\n                    <\/li>\n                <\/ol>\n                <div style=\"clear: both;\"><\/div>\n            <\/div>\n            <div>\n                                    <input type=\"button\" name=\"review\" value=\"Review question\"\n                           class=\"wpProQuiz_button2\" style=\"float: left; display: block;\">\n                                        <div style=\"clear: both;\"><\/div>\n                            <\/div>\n        <\/div>\n                <div class=\"wpProQuiz_quizAnker\" style=\"display: none;\"><\/div>\n                <div style=\"display: none;\" class=\"wpProQuiz_quiz\">\n            <ol class=\"wpProQuiz_list\">\n                                    <li class=\"wpProQuiz_listItem\" style=\"display: none;\">\n                        <div\n                            class=\"wpProQuiz_question_page\" style=\"display:none;\" >\n                            Question <span>1<\/span> of <span>6<\/span>                        <\/div>\n                        <h5 style=\"display: none;\"\n                            class=\"wpProQuiz_header\">\n                            <span>1<\/span>. Question                        <\/h5>\n\n                        \n                                                <div class=\"wpProQuiz_question\" style=\"margin: 10px 0 0 0;\">\n                            <div class=\"wpProQuiz_question_text\">\n                                <h3 style=\"text-align: center;\"><span style=\"font-size: 18pt;\">Coniuga il verbo riflessivo<\/span><\/h3>\n<p style=\"text-align: center;\"><em>Reflexive Verben<\/em><\/p>\n<p style=\"text-align: center;\">Niveau: A2-B1<\/p>\n<p style=\"text-align: center;\">Tipp: mi, ti, si, ci, vi, si + verbo. Passato prossimo con essere.<br \/><em>Reflexivpronomen + Verb.<\/em><\/p>\n<hr \/>\n<p style=\"text-align: center;\">* Esempio: La mattina (io &#8211; svegliarsi) <strong><u>mi sveglio<\/u><\/strong> alle sette.<\/p>\n<hr \/>\n                            <\/div>\n                                                        <ul class=\"wpProQuiz_questionList\" data-question_id=\"1424\"\n                                data-type=\"cloze_answer\">\n                                \n                                    <li class=\"wpProQuiz_questionListItem\" data-pos=\"0\">\n\n                                        <hr \/><ul>\n<li>Io (lavarsi - pres.) <span class=\"wpProQuiz_cloze\"><input data-wordlen=\"7\" type=\"text\" value=\"\"> <span class=\"wpProQuiz_clozeCorrect\" style=\"display: none;\">(mi lavo)<\/span><\/span> i denti tre volte al giorno.<\/li>\n<li>Marco (alzarsi - pres.) <span class=\"wpProQuiz_cloze\"><input data-wordlen=\"7\" type=\"text\" value=\"\"> <span class=\"wpProQuiz_clozeCorrect\" style=\"display: none;\">(si alza)<\/span><\/span> molto presto per andare in ufficio.<\/li>\n<li>(Tu - vestirsi - pres.) <span class=\"wpProQuiz_cloze\"><input data-wordlen=\"8\" type=\"text\" value=\"\"> <span class=\"wpProQuiz_clozeCorrect\" style=\"display: none;\">(Ti vesti)<\/span><\/span> sempre in modo elegante!<\/li>\n<li>(Noi - divertirsi - pres.) <span class=\"wpProQuiz_cloze\"><input data-wordlen=\"13\" type=\"text\" value=\"\"> <span class=\"wpProQuiz_clozeCorrect\" style=\"display: none;\">(Ci divertiamo)<\/span><\/span> molto quando siamo tutti insieme.<\/li>\n<li>I miei figli (addormentarsi - pres.) <span class=\"wpProQuiz_cloze\"><input data-wordlen=\"15\" type=\"text\" value=\"\"> <span class=\"wpProQuiz_clozeCorrect\" style=\"display: none;\">(si addormentano)<\/span><\/span> subito dopo cena.<\/li>\n<li>Sophie (pettinarsi - pres.) <span class=\"wpProQuiz_cloze\"><input data-wordlen=\"10\" type=\"text\" value=\"\"> <span class=\"wpProQuiz_clozeCorrect\" style=\"display: none;\">(si pettina)<\/span><\/span> i lunghi capelli biondi.<\/li>\n<li>Ieri (io - svegliarsi - pass. pross.) <span class=\"wpProQuiz_cloze\"><input data-wordlen=\"17\" type=\"text\" value=\"\"> <span class=\"wpProQuiz_clozeCorrect\" style=\"display: none;\">(mi sono svegliata)<\/span><\/span> alle cinque.<\/li>\n<li>(Voi - riposarsi - pres.) <span class=\"wpProQuiz_cloze\"><input data-wordlen=\"11\" type=\"text\" value=\"\"> <span class=\"wpProQuiz_clozeCorrect\" style=\"display: none;\">(Vi riposate)<\/span><\/span> dopo il lavoro?<\/li>\n<li>Luca e Anna (incontrarsi - pres.) <span class=\"wpProQuiz_cloze\"><input data-wordlen=\"13\" type=\"text\" value=\"\"> <span class=\"wpProQuiz_clozeCorrect\" style=\"display: none;\">(si incontrano)<\/span><\/span> al parco ogni sabato.<\/li>\n<li>La mattina (io - farsi - pres.) <span class=\"wpProQuiz_cloze\"><input data-wordlen=\"9\" type=\"text\" value=\"\"> <span class=\"wpProQuiz_clozeCorrect\" style=\"display: none;\">(mi faccio)<\/span><\/span> la doccia calda.<\/li>\n<li>(Tu - arrabbiarsi - pres.) <span class=\"wpProQuiz_cloze\"><input data-wordlen=\"10\" type=\"text\" value=\"\"> <span class=\"wpProQuiz_clozeCorrect\" style=\"display: none;\">(Ti arrabbi)<\/span><\/span> per niente oggi!<\/li>\n<li>Chiara (prepararsi - pres.) <span class=\"wpProQuiz_cloze\"><input data-wordlen=\"10\" type=\"text\" value=\"\"> <span class=\"wpProQuiz_clozeCorrect\" style=\"display: none;\">(si prepara)<\/span><\/span> per l'esame di matematica.<\/li>\n<li>(Noi - vedersi - pres.) <span class=\"wpProQuiz_cloze\"><input data-wordlen=\"10\" type=\"text\" value=\"\"> <span class=\"wpProQuiz_clozeCorrect\" style=\"display: none;\">(Ci vediamo)<\/span><\/span> domani alle sei al bar.<\/li>\n<li>I bambini (lavarsi - pres.) <span class=\"wpProQuiz_cloze\"><input data-wordlen=\"9\" type=\"text\" value=\"\"> <span class=\"wpProQuiz_clozeCorrect\" style=\"display: none;\">(si lavano)<\/span><\/span> le mani prima di mangiare.<\/li>\n<li>Felix (mettersi - pres.) <span class=\"wpProQuiz_cloze\"><input data-wordlen=\"8\" type=\"text\" value=\"\"> <span class=\"wpProQuiz_clozeCorrect\" style=\"display: none;\">(si mette)<\/span><\/span> un maglione pesante, fa freddo.<\/li>\n<\/ul><hr \/>                                    <\/li>\n                                                                <\/ul>\n                        <\/div>\n                                                    <div class=\"wpProQuiz_response\" style=\"display: none;\">\n                                <div style=\"display: none;\" class=\"wpProQuiz_correct\">\n                                                                            <span class=\"wpProQuiz_respone_span\">\n\t\t\t\t\t\t\t\t\tCorrect\t\t\t\t\t\t\t\t<\/span><br>\n                                    <p>Controlla le risposte<\/p>\n<p style=\"text-align: right;\"><span style=\"font-size: 28pt; color: #ff0000;\">&#8595;&#8595;&#8595;<\/span><\/p>                                <\/div>\n                                <div style=\"display: none;\" class=\"wpProQuiz_incorrect\">\n                                                                            <span class=\"wpProQuiz_respone_span\">\n\t\t\t\t\t\t\t\t\tIncorrect\t\t\t\t\t\t\t\t<\/span><br>\n                                    <p>Controlla le risposte<\/p>\n<p style=\"text-align: right;\"><span style=\"font-size: 28pt; color: #ff0000;\">&#8595;&#8595;&#8595;<\/span><\/p>\n                                <\/div>\n                            <\/div>\n                        \n                        \n                                                <input type=\"button\" name=\"back\" value=\"Back\"\n                               class=\"wpProQuiz_button wpProQuiz_QuestionButton\"\n                               style=\"float: left !important; margin-right: 10px !important; display: none;\">\n                                                <input type=\"button\" name=\"check\" value=\"Check\"\n                               class=\"wpProQuiz_button wpProQuiz_QuestionButton\"\n                               style=\"float: right !important; margin-right: 10px !important; display: none;\">\n                        <input type=\"button\" name=\"next\" value=\"Next\"\n                               class=\"wpProQuiz_button wpProQuiz_QuestionButton\" style=\"float: right; display: none;\">\n\n                        <div style=\"clear: both;\"><\/div>\n\n                        \n                    <\/li>\n\n                                    <li class=\"wpProQuiz_listItem\" style=\"display: none;\">\n                        <div\n                            class=\"wpProQuiz_question_page\" style=\"display:none;\" >\n                            Question <span>2<\/span> of <span>6<\/span>                        <\/div>\n                        <h5 style=\"display: none;\"\n                            class=\"wpProQuiz_header\">\n                            <span>2<\/span>. Question                        <\/h5>\n\n                        \n                                                <div class=\"wpProQuiz_question\" style=\"margin: 10px 0 0 0;\">\n                            <div class=\"wpProQuiz_question_text\">\n                                <h3 style=\"text-align: center;\"><span style=\"font-size: 18pt;\">Dialogo: colazione in famiglia<\/span><\/h3>\n<p style=\"text-align: center;\">&#x1F469;&#x1F3FC; Giulia chiede al figlio &#x1F466; Luca della sua routine mattutina.<\/p>\n<hr \/>\n                            <\/div>\n                                                        <ul class=\"wpProQuiz_questionList\" data-question_id=\"1425\"\n                                data-type=\"cloze_answer\">\n                                \n                                    <li class=\"wpProQuiz_questionListItem\" data-pos=\"0\">\n\n                                        <ul>\n<li>&#x1F469;&#x1F3FC; <strong>Giulia:<\/strong> Luca, a che ora (svegliarsi - pres.) <span class=\"wpProQuiz_cloze\"><input data-wordlen=\"9\" type=\"text\" value=\"\"> <span class=\"wpProQuiz_clozeCorrect\" style=\"display: none;\">(ti svegli)<\/span><\/span> di solito?<\/li>\n<li>&#x1F466; <strong>Luca:<\/strong> (Io - svegliarsi - pres.) <span class=\"wpProQuiz_cloze\"><input data-wordlen=\"10\" type=\"text\" value=\"\"> <span class=\"wpProQuiz_clozeCorrect\" style=\"display: none;\">(Mi sveglio)<\/span><\/span> alle sette e mezza.<\/li>\n<li>&#x1F469;&#x1F3FC; <strong>Giulia:<\/strong> E poi cosa fai?<\/li>\n<li>&#x1F466; <strong>Luca:<\/strong> (Io - alzarsi - pres.) <span class=\"wpProQuiz_cloze\"><input data-wordlen=\"7\" type=\"text\" value=\"\"> <span class=\"wpProQuiz_clozeCorrect\" style=\"display: none;\">(Mi alzo)<\/span><\/span> subito e vado in bagno.<\/li>\n<li>&#x1F469;&#x1F3FC; <strong>Giulia:<\/strong> (Tu - farsi - pres.) <span class=\"wpProQuiz_cloze\"><input data-wordlen=\"6\" type=\"text\" value=\"\"> <span class=\"wpProQuiz_clozeCorrect\" style=\"display: none;\">(Ti fai)<\/span><\/span> la doccia la mattina?<\/li>\n<li>&#x1F466; <strong>Luca:<\/strong> S&#236;, sempre. (Io - lavarsi - pres.) <span class=\"wpProQuiz_cloze\"><input data-wordlen=\"7\" type=\"text\" value=\"\"> <span class=\"wpProQuiz_clozeCorrect\" style=\"display: none;\">(Mi lavo)<\/span><\/span> i capelli due volte a settimana.<\/li>\n<li>&#x1F469;&#x1F3FC; <strong>Giulia:<\/strong> E (vestirsi - pres.) <span class=\"wpProQuiz_cloze\"><input data-wordlen=\"8\" type=\"text\" value=\"\"> <span class=\"wpProQuiz_clozeCorrect\" style=\"display: none;\">(ti vesti)<\/span><\/span> prima o dopo la colazione?<\/li>\n<li>&#x1F466; <strong>Luca:<\/strong> (Io - vestirsi - pres.) <span class=\"wpProQuiz_cloze\"><input data-wordlen=\"8\" type=\"text\" value=\"\"> <span class=\"wpProQuiz_clozeCorrect\" style=\"display: none;\">(Mi vesto)<\/span><\/span> prima, cos&#236; faccio colazione gi&#224; pronto.<\/li>\n<li>&#x1F469;&#x1F3FC; <strong>Giulia:<\/strong> Bene. E (prepararsi - pres.) <span class=\"wpProQuiz_cloze\"><input data-wordlen=\"10\" type=\"text\" value=\"\"> <span class=\"wpProQuiz_clozeCorrect\" style=\"display: none;\">(ti prepari)<\/span><\/span> la cartella?<\/li>\n<li>&#x1F466; <strong>Luca:<\/strong> La sera prima, sono organizzato!<\/li>\n<\/ul>                                    <\/li>\n                                                                <\/ul>\n                        <\/div>\n                                                    <div class=\"wpProQuiz_response\" style=\"display: none;\">\n                                <div style=\"display: none;\" class=\"wpProQuiz_correct\">\n                                                                            <span class=\"wpProQuiz_respone_span\">\n\t\t\t\t\t\t\t\t\tCorrect\t\t\t\t\t\t\t\t<\/span><br>\n                                    <p>Controlla le risposte<\/p>\n<p style=\"text-align: right;\"><span style=\"font-size: 28pt; color: #ff0000;\">&#8595;&#8595;&#8595;<\/span><\/p>                                <\/div>\n                                <div style=\"display: none;\" class=\"wpProQuiz_incorrect\">\n                                                                            <span class=\"wpProQuiz_respone_span\">\n\t\t\t\t\t\t\t\t\tIncorrect\t\t\t\t\t\t\t\t<\/span><br>\n                                    <p>Controlla le risposte<\/p>\n<p style=\"text-align: right;\"><span style=\"font-size: 28pt; color: #ff0000;\">&#8595;&#8595;&#8595;<\/span><\/p>\n                                <\/div>\n                            <\/div>\n                        \n                        \n                                                <input type=\"button\" name=\"back\" value=\"Back\"\n                               class=\"wpProQuiz_button wpProQuiz_QuestionButton\"\n                               style=\"float: left !important; margin-right: 10px !important; display: none;\">\n                                                <input type=\"button\" name=\"check\" value=\"Check\"\n                               class=\"wpProQuiz_button wpProQuiz_QuestionButton\"\n                               style=\"float: right !important; margin-right: 10px !important; display: none;\">\n                        <input type=\"button\" name=\"next\" value=\"Next\"\n                               class=\"wpProQuiz_button wpProQuiz_QuestionButton\" style=\"float: right; display: none;\">\n\n                        <div style=\"clear: both;\"><\/div>\n\n                        \n                    <\/li>\n\n                                    <li class=\"wpProQuiz_listItem\" style=\"display: none;\">\n                        <div\n                            class=\"wpProQuiz_question_page\" style=\"display:none;\" >\n                            Question <span>3<\/span> of <span>6<\/span>                        <\/div>\n                        <h5 style=\"display: none;\"\n                            class=\"wpProQuiz_header\">\n                            <span>3<\/span>. Question                        <\/h5>\n\n                        \n                                                <div class=\"wpProQuiz_question\" style=\"margin: 10px 0 0 0;\">\n                            <div class=\"wpProQuiz_question_text\">\n                                <h3 style=\"text-align: center;\"><span style=\"font-size: 18pt;\">Abbina verbo e significato<\/span><\/h3>\n<hr \/>\n                            <\/div>\n                                                            <div class=\"wpProQuiz_matrixSortString\">\n                                    <h5 class=\"wpProQuiz_header\">Sort elements<\/h5>\n                                    <ul class=\"wpProQuiz_sortStringList\">\n                                                                                    <li class=\"wpProQuiz_sortStringItem\" data-pos=\"0\"\n                                                data-correct=\"0\">\n                                                aufwachen                                            <\/li>\n                                                                                    <li class=\"wpProQuiz_sortStringItem\" data-pos=\"1\"\n                                                data-correct=\"1\">\n                                                aufstehen                                            <\/li>\n                                                                                    <li class=\"wpProQuiz_sortStringItem\" data-pos=\"2\"\n                                                data-correct=\"2\">\n                                                sich waschen                                            <\/li>\n                                                                                    <li class=\"wpProQuiz_sortStringItem\" data-pos=\"3\"\n                                                data-correct=\"3\">\n                                                sich anziehen                                            <\/li>\n                                                                                    <li class=\"wpProQuiz_sortStringItem\" data-pos=\"4\"\n                                                data-correct=\"4\">\n                                                sich k&#228;mmen                                            <\/li>\n                                                                                    <li class=\"wpProQuiz_sortStringItem\" data-pos=\"5\"\n                                                data-correct=\"5\">\n                                                sich am&#252;sieren                                            <\/li>\n                                                                                    <li class=\"wpProQuiz_sortStringItem\" data-pos=\"6\"\n                                                data-correct=\"6\">\n                                                sich &#228;rgern                                            <\/li>\n                                                                                    <li class=\"wpProQuiz_sortStringItem\" data-pos=\"7\"\n                                                data-correct=\"7\">\n                                                heiraten                                            <\/li>\n                                                                            <\/ul>\n                                    <div style=\"clear: both;\"><\/div>\n                                <\/div>\n                                                        <ul class=\"wpProQuiz_questionList\" data-question_id=\"1426\"\n                                data-type=\"matrix_sort_answer\">\n                                \n                                    <li class=\"wpProQuiz_questionListItem\" data-pos=\"0\">\n\n                                                                                                                                                        <table>\n                                                            <tbody>\n                                                            <tr class=\"wpProQuiz_mextrixTr\">\n                                                                <td width=\"20%\">\n                                                                    <div\n                                                                        class=\"wpProQuiz_maxtrixSortText\">svegliarsi<\/div>\n                                                                <\/td>\n                                                                <td width=\"80%\">\n                                                                    <ul class=\"wpProQuiz_maxtrixSortCriterion\"><\/ul>\n                                                                <\/td>\n                                                            <\/tr>\n                                                            <\/tbody>\n                                                        <\/table>\n\n                                                                                        <\/li>\n                                    \n                                    <li class=\"wpProQuiz_questionListItem\" data-pos=\"1\">\n\n                                                                                                                                                        <table>\n                                                            <tbody>\n                                                            <tr class=\"wpProQuiz_mextrixTr\">\n                                                                <td width=\"20%\">\n                                                                    <div\n                                                                        class=\"wpProQuiz_maxtrixSortText\">alzarsi<\/div>\n                                                                <\/td>\n                                                                <td width=\"80%\">\n                                                                    <ul class=\"wpProQuiz_maxtrixSortCriterion\"><\/ul>\n                                                                <\/td>\n                                                            <\/tr>\n                                                            <\/tbody>\n                                                        <\/table>\n\n                                                                                        <\/li>\n                                    \n                                    <li class=\"wpProQuiz_questionListItem\" data-pos=\"2\">\n\n                                                                                                                                                        <table>\n                                                            <tbody>\n                                                            <tr class=\"wpProQuiz_mextrixTr\">\n                                                                <td width=\"20%\">\n                                                                    <div\n                                                                        class=\"wpProQuiz_maxtrixSortText\">lavarsi<\/div>\n                                                                <\/td>\n                                                                <td width=\"80%\">\n                                                                    <ul class=\"wpProQuiz_maxtrixSortCriterion\"><\/ul>\n                                                                <\/td>\n                                                            <\/tr>\n                                                            <\/tbody>\n                                                        <\/table>\n\n                                                                                        <\/li>\n                                    \n                                    <li class=\"wpProQuiz_questionListItem\" data-pos=\"3\">\n\n                                                                                                                                                        <table>\n                                                            <tbody>\n                                                            <tr class=\"wpProQuiz_mextrixTr\">\n                                                                <td width=\"20%\">\n                                                                    <div\n                                                                        class=\"wpProQuiz_maxtrixSortText\">vestirsi<\/div>\n                                                                <\/td>\n                                                                <td width=\"80%\">\n                                                                    <ul class=\"wpProQuiz_maxtrixSortCriterion\"><\/ul>\n                                                                <\/td>\n                                                            <\/tr>\n                                                            <\/tbody>\n                                                        <\/table>\n\n                                                                                        <\/li>\n                                    \n                                    <li class=\"wpProQuiz_questionListItem\" data-pos=\"4\">\n\n                                                                                                                                                        <table>\n                                                            <tbody>\n                                                            <tr class=\"wpProQuiz_mextrixTr\">\n                                                                <td width=\"20%\">\n                                                                    <div\n                                                                        class=\"wpProQuiz_maxtrixSortText\">pettinarsi<\/div>\n                                                                <\/td>\n                                                                <td width=\"80%\">\n                                                                    <ul class=\"wpProQuiz_maxtrixSortCriterion\"><\/ul>\n                                                                <\/td>\n                                                            <\/tr>\n                                                            <\/tbody>\n                                                        <\/table>\n\n                                                                                        <\/li>\n                                    \n                                    <li class=\"wpProQuiz_questionListItem\" data-pos=\"5\">\n\n                                                                                                                                                        <table>\n                                                            <tbody>\n                                                            <tr class=\"wpProQuiz_mextrixTr\">\n                                                                <td width=\"20%\">\n                                                                    <div\n                                                                        class=\"wpProQuiz_maxtrixSortText\">divertirsi<\/div>\n                                                                <\/td>\n                                                                <td width=\"80%\">\n                                                                    <ul class=\"wpProQuiz_maxtrixSortCriterion\"><\/ul>\n                                                                <\/td>\n                                                            <\/tr>\n                                                            <\/tbody>\n                                                        <\/table>\n\n                                                                                        <\/li>\n                                    \n                                    <li class=\"wpProQuiz_questionListItem\" data-pos=\"6\">\n\n                                                                                                                                                        <table>\n                                                            <tbody>\n                                                            <tr class=\"wpProQuiz_mextrixTr\">\n                                                                <td width=\"20%\">\n                                                                    <div\n                                                                        class=\"wpProQuiz_maxtrixSortText\">arrabbiarsi<\/div>\n                                                                <\/td>\n                                                                <td width=\"80%\">\n                                                                    <ul class=\"wpProQuiz_maxtrixSortCriterion\"><\/ul>\n                                                                <\/td>\n                                                            <\/tr>\n                                                            <\/tbody>\n                                                        <\/table>\n\n                                                                                        <\/li>\n                                    \n                                    <li class=\"wpProQuiz_questionListItem\" data-pos=\"7\">\n\n                                                                                                                                                        <table>\n                                                            <tbody>\n                                                            <tr class=\"wpProQuiz_mextrixTr\">\n                                                                <td width=\"20%\">\n                                                                    <div\n                                                                        class=\"wpProQuiz_maxtrixSortText\">sposarsi<\/div>\n                                                                <\/td>\n                                                                <td width=\"80%\">\n                                                                    <ul class=\"wpProQuiz_maxtrixSortCriterion\"><\/ul>\n                                                                <\/td>\n                                                            <\/tr>\n                                                            <\/tbody>\n                                                        <\/table>\n\n                                                                                        <\/li>\n                                                                <\/ul>\n                        <\/div>\n                                                    <div class=\"wpProQuiz_response\" style=\"display: none;\">\n                                <div style=\"display: none;\" class=\"wpProQuiz_correct\">\n                                                                            <span class=\"wpProQuiz_respone_span\">\n\t\t\t\t\t\t\t\t\tCorrect\t\t\t\t\t\t\t\t<\/span><br>\n                                    <p><hr \/>\n<p>Routine quotidiana<\/p><\/p>                                <\/div>\n                                <div style=\"display: none;\" class=\"wpProQuiz_incorrect\">\n                                                                            <span class=\"wpProQuiz_respone_span\">\n\t\t\t\t\t\t\t\t\tIncorrect\t\t\t\t\t\t\t\t<\/span><br>\n                                    <p><hr \/>\n<p>Routine quotidiana<\/p>\n<\/p>                                <\/div>\n                            <\/div>\n                        \n                        \n                                                <input type=\"button\" name=\"back\" value=\"Back\"\n                               class=\"wpProQuiz_button wpProQuiz_QuestionButton\"\n                               style=\"float: left !important; margin-right: 10px !important; display: none;\">\n                                                <input type=\"button\" name=\"check\" value=\"Check\"\n                               class=\"wpProQuiz_button wpProQuiz_QuestionButton\"\n                               style=\"float: right !important; margin-right: 10px !important; display: none;\">\n                        <input type=\"button\" name=\"next\" value=\"Next\"\n                               class=\"wpProQuiz_button wpProQuiz_QuestionButton\" style=\"float: right; display: none;\">\n\n                        <div style=\"clear: both;\"><\/div>\n\n                        \n                    <\/li>\n\n                                    <li class=\"wpProQuiz_listItem\" style=\"display: none;\">\n                        <div\n                            class=\"wpProQuiz_question_page\" style=\"display:none;\" >\n                            Question <span>4<\/span> of <span>6<\/span>                        <\/div>\n                        <h5 style=\"display: none;\"\n                            class=\"wpProQuiz_header\">\n                            <span>4<\/span>. Question                        <\/h5>\n\n                        \n                                                <div class=\"wpProQuiz_question\" style=\"margin: 10px 0 0 0;\">\n                            <div class=\"wpProQuiz_question_text\">\n                                <h3 style=\"text-align: center;\"><span style=\"font-size: 18pt;\">Passato prossimo di &#8222;svegliarsi&#8220; (io):<\/span><\/h3>\n<hr \/>\n                            <\/div>\n                                                        <ul class=\"wpProQuiz_questionList\" data-question_id=\"1427\"\n                                data-type=\"single\">\n                                \n                                    <li class=\"wpProQuiz_questionListItem\" data-pos=\"0\">\n\n                                                                                                                                <span style=\"display:none;\"><\/span>\n                                            <label>\n                                                <input class=\"wpProQuiz_questionInput\"\n                                                       type=\"radio\"\n                                                       name=\"question_355_1427\"\n                                                       value=\"1\"> mi sono svegliato\/a                                            <\/label>\n\n                                                                            <\/li>\n                                    \n                                    <li class=\"wpProQuiz_questionListItem\" data-pos=\"1\">\n\n                                                                                                                                <span style=\"display:none;\"><\/span>\n                                            <label>\n                                                <input class=\"wpProQuiz_questionInput\"\n                                                       type=\"radio\"\n                                                       name=\"question_355_1427\"\n                                                       value=\"2\"> mi ho svegliato                                            <\/label>\n\n                                                                            <\/li>\n                                    \n                                    <li class=\"wpProQuiz_questionListItem\" data-pos=\"2\">\n\n                                                                                                                                <span style=\"display:none;\"><\/span>\n                                            <label>\n                                                <input class=\"wpProQuiz_questionInput\"\n                                                       type=\"radio\"\n                                                       name=\"question_355_1427\"\n                                                       value=\"3\"> mi ero svegliato                                            <\/label>\n\n                                                                            <\/li>\n                                                                <\/ul>\n                        <\/div>\n                                                    <div class=\"wpProQuiz_response\" style=\"display: none;\">\n                                <div style=\"display: none;\" class=\"wpProQuiz_correct\">\n                                                                            <span class=\"wpProQuiz_respone_span\">\n\t\t\t\t\t\t\t\t\tCorrect\t\t\t\t\t\t\t\t<\/span><br>\n                                    <p><hr \/>\n<p>Riflessivi al passato prossimo usano sempre <strong>essere<\/strong>: <em>mi sono svegliato\/a<\/em>.<br \/><em>Riflessivi + essere.<\/em><\/p><\/p>                                <\/div>\n                                <div style=\"display: none;\" class=\"wpProQuiz_incorrect\">\n                                                                            <span class=\"wpProQuiz_respone_span\">\n\t\t\t\t\t\t\t\t\tIncorrect\t\t\t\t\t\t\t\t<\/span><br>\n                                    <p><hr \/>\n<p>Riflessivi al passato prossimo usano sempre <strong>essere<\/strong>: <em>mi sono svegliato\/a<\/em>.<br \/><em>Riflessivi + essere.<\/em><\/p>\n<\/p>                                <\/div>\n                            <\/div>\n                        \n                        \n                                                <input type=\"button\" name=\"back\" value=\"Back\"\n                               class=\"wpProQuiz_button wpProQuiz_QuestionButton\"\n                               style=\"float: left !important; margin-right: 10px !important; display: none;\">\n                                                <input type=\"button\" name=\"check\" value=\"Check\"\n                               class=\"wpProQuiz_button wpProQuiz_QuestionButton\"\n                               style=\"float: right !important; margin-right: 10px !important; display: none;\">\n                        <input type=\"button\" name=\"next\" value=\"Next\"\n                               class=\"wpProQuiz_button wpProQuiz_QuestionButton\" style=\"float: right; display: none;\">\n\n                        <div style=\"clear: both;\"><\/div>\n\n                        \n                    <\/li>\n\n                                    <li class=\"wpProQuiz_listItem\" style=\"display: none;\">\n                        <div\n                            class=\"wpProQuiz_question_page\" style=\"display:none;\" >\n                            Question <span>5<\/span> of <span>6<\/span>                        <\/div>\n                        <h5 style=\"display: none;\"\n                            class=\"wpProQuiz_header\">\n                            <span>5<\/span>. Question                        <\/h5>\n\n                        \n                                                <div class=\"wpProQuiz_question\" style=\"margin: 10px 0 0 0;\">\n                            <div class=\"wpProQuiz_question_text\">\n                                <h3 style=\"text-align: center;\"><span style=\"font-size: 18pt;\">Con un riflessivo reciproco:<\/span><\/h3>\n<hr \/>\n                            <\/div>\n                                                        <ul class=\"wpProQuiz_questionList\" data-question_id=\"1428\"\n                                data-type=\"single\">\n                                \n                                    <li class=\"wpProQuiz_questionListItem\" data-pos=\"0\">\n\n                                                                                                                                <span style=\"display:none;\"><\/span>\n                                            <label>\n                                                <input class=\"wpProQuiz_questionInput\"\n                                                       type=\"radio\"\n                                                       name=\"question_355_1428\"\n                                                       value=\"1\"> Ci vediamo = wir sehen uns                                            <\/label>\n\n                                                                            <\/li>\n                                    \n                                    <li class=\"wpProQuiz_questionListItem\" data-pos=\"1\">\n\n                                                                                                                                <span style=\"display:none;\"><\/span>\n                                            <label>\n                                                <input class=\"wpProQuiz_questionInput\"\n                                                       type=\"radio\"\n                                                       name=\"question_355_1428\"\n                                                       value=\"2\"> Io mi vedo                                            <\/label>\n\n                                                                            <\/li>\n                                    \n                                    <li class=\"wpProQuiz_questionListItem\" data-pos=\"2\">\n\n                                                                                                                                <span style=\"display:none;\"><\/span>\n                                            <label>\n                                                <input class=\"wpProQuiz_questionInput\"\n                                                       type=\"radio\"\n                                                       name=\"question_355_1428\"\n                                                       value=\"3\"> Loro si vedono solo da soli                                            <\/label>\n\n                                                                            <\/li>\n                                                                <\/ul>\n                        <\/div>\n                                                    <div class=\"wpProQuiz_response\" style=\"display: none;\">\n                                <div style=\"display: none;\" class=\"wpProQuiz_correct\">\n                                                                            <span class=\"wpProQuiz_respone_span\">\n\t\t\t\t\t\t\t\t\tCorrect\t\t\t\t\t\t\t\t<\/span><br>\n                                    <p><hr \/>\n<p><strong>Riflessivi reciproci<\/strong>: ci, vi, si con significato &#8222;l&#8217;un l&#8217;altro&#8220;. <em>Ci vediamo = wir sehen uns.<\/em><\/p><\/p>                                <\/div>\n                                <div style=\"display: none;\" class=\"wpProQuiz_incorrect\">\n                                                                            <span class=\"wpProQuiz_respone_span\">\n\t\t\t\t\t\t\t\t\tIncorrect\t\t\t\t\t\t\t\t<\/span><br>\n                                    <p><hr \/>\n<p><strong>Riflessivi reciproci<\/strong>: ci, vi, si con significato &#8222;l&#8217;un l&#8217;altro&#8220;. <em>Ci vediamo = wir sehen uns.<\/em><\/p>\n<\/p>                                <\/div>\n                            <\/div>\n                        \n                        \n                                                <input type=\"button\" name=\"back\" value=\"Back\"\n                               class=\"wpProQuiz_button wpProQuiz_QuestionButton\"\n                               style=\"float: left !important; margin-right: 10px !important; display: none;\">\n                                                <input type=\"button\" name=\"check\" value=\"Check\"\n                               class=\"wpProQuiz_button wpProQuiz_QuestionButton\"\n                               style=\"float: right !important; margin-right: 10px !important; display: none;\">\n                        <input type=\"button\" name=\"next\" value=\"Next\"\n                               class=\"wpProQuiz_button wpProQuiz_QuestionButton\" style=\"float: right; display: none;\">\n\n                        <div style=\"clear: both;\"><\/div>\n\n                        \n                    <\/li>\n\n                                    <li class=\"wpProQuiz_listItem\" style=\"display: none;\">\n                        <div\n                            class=\"wpProQuiz_question_page\" style=\"display:none;\" >\n                            Question <span>6<\/span> of <span>6<\/span>                        <\/div>\n                        <h5 style=\"display: none;\"\n                            class=\"wpProQuiz_header\">\n                            <span>6<\/span>. Question                        <\/h5>\n\n                        \n                                                <div class=\"wpProQuiz_question\" style=\"margin: 10px 0 0 0;\">\n                            <div class=\"wpProQuiz_question_text\">\n                                <h3 style=\"text-align: center;\"><span style=\"font-size: 18pt;\">&#8222;Mi lavo i denti&#8220;:<\/span><\/h3>\n<hr \/>\n                            <\/div>\n                                                        <ul class=\"wpProQuiz_questionList\" data-question_id=\"1429\"\n                                data-type=\"single\">\n                                \n                                    <li class=\"wpProQuiz_questionListItem\" data-pos=\"0\">\n\n                                                                                                                                <span style=\"display:none;\"><\/span>\n                                            <label>\n                                                <input class=\"wpProQuiz_questionInput\"\n                                                       type=\"radio\"\n                                                       name=\"question_355_1429\"\n                                                       value=\"1\"> Costruzione italiana: pronome riflessivo + parte del corpo                                            <\/label>\n\n                                                                            <\/li>\n                                    \n                                    <li class=\"wpProQuiz_questionListItem\" data-pos=\"1\">\n\n                                                                                                                                <span style=\"display:none;\"><\/span>\n                                            <label>\n                                                <input class=\"wpProQuiz_questionInput\"\n                                                       type=\"radio\"\n                                                       name=\"question_355_1429\"\n                                                       value=\"2\"> Errore                                            <\/label>\n\n                                                                            <\/li>\n                                    \n                                    <li class=\"wpProQuiz_questionListItem\" data-pos=\"2\">\n\n                                                                                                                                <span style=\"display:none;\"><\/span>\n                                            <label>\n                                                <input class=\"wpProQuiz_questionInput\"\n                                                       type=\"radio\"\n                                                       name=\"question_355_1429\"\n                                                       value=\"3\"> Solo formale                                            <\/label>\n\n                                                                            <\/li>\n                                                                <\/ul>\n                        <\/div>\n                                                    <div class=\"wpProQuiz_response\" style=\"display: none;\">\n                                <div style=\"display: none;\" class=\"wpProQuiz_correct\">\n                                                                            <span class=\"wpProQuiz_respone_span\">\n\t\t\t\t\t\t\t\t\tCorrect\t\t\t\t\t\t\t\t<\/span><br>\n                                    <p><hr \/>\n<p>In italiano: <strong>mi lavo i denti, si pettina i capelli, ci laviamo le mani<\/strong>. L&#8217;articolo sostituisce il possessivo.<br \/><em>Reflexiv + bestimmter Artikel.<\/em><\/p><\/p>                                <\/div>\n                                <div style=\"display: none;\" class=\"wpProQuiz_incorrect\">\n                                                                            <span class=\"wpProQuiz_respone_span\">\n\t\t\t\t\t\t\t\t\tIncorrect\t\t\t\t\t\t\t\t<\/span><br>\n                                    <p><hr \/>\n<p>In italiano: <strong>mi lavo i denti, si pettina i capelli, ci laviamo le mani<\/strong>. L&#8217;articolo sostituisce il possessivo.<br \/><em>Reflexiv + bestimmter Artikel.<\/em><\/p>\n<\/p>                                <\/div>\n                            <\/div>\n                        \n                        \n                                                <input type=\"button\" name=\"back\" value=\"Back\"\n                               class=\"wpProQuiz_button wpProQuiz_QuestionButton\"\n                               style=\"float: left !important; margin-right: 10px !important; display: none;\">\n                                                <input type=\"button\" name=\"check\" value=\"Check\"\n                               class=\"wpProQuiz_button wpProQuiz_QuestionButton\"\n                               style=\"float: right !important; margin-right: 10px !important; display: none;\">\n                        <input type=\"button\" name=\"next\" value=\"Next\"\n                               class=\"wpProQuiz_button wpProQuiz_QuestionButton\" style=\"float: right; display: none;\">\n\n                        <div style=\"clear: both;\"><\/div>\n\n                        \n                    <\/li>\n\n                            <\/ol>\n                    <\/div>\n                <\/div>\n                <script type=\"text\/javascript\">\n            window.wpProQuizInitList = window.wpProQuizInitList || [];\n\n            window.wpProQuizInitList.push({\n                id: '#wpProQuiz_355',\n                init: {\n                    quizId: 355,\n                    mode: 2,\n                    globalPoints: 36,\n                    timelimit: 0,\n                    resultsGrade: [0,41,66,86],\n                    bo: 7560,\n                    qpp: 0,\n                    catPoints: {\"403\":36},\n                    formPos: 0,\n                    lbn: \"Finish quiz\",\n                    json: {\"1424\":{\"type\":\"cloze_answer\",\"id\":1424,\"catId\":403,\"points\":[1,1,1,1,1,1,1,1,1,1,1,1,1,1,1],\"correct\":[[\"mi lavo\"],[\"si alza\"],[\"ti vesti\"],[\"ci divertiamo\"],[\"si addormentano\"],[\"si pettina\"],[\"mi sono svegliata\"],[\"vi riposate\"],[\"si incontrano\"],[\"mi faccio\"],[\"ti arrabbi\"],[\"si prepara\"],[\"ci vediamo\"],[\"si lavano\"],[\"si mette\"]]},\"1425\":{\"type\":\"cloze_answer\",\"id\":1425,\"catId\":403,\"points\":[1,1,1,1,1,1,1,1],\"correct\":[[\"ti svegli\"],[\"mi sveglio\"],[\"mi alzo\"],[\"ti fai\"],[\"mi lavo\"],[\"ti vesti\"],[\"mi vesto\"],[\"ti prepari\"]]},\"1426\":{\"type\":\"matrix_sort_answer\",\"id\":1426,\"catId\":403,\"points\":[1,1,1,1,1,1,1,1],\"correct\":[0,1,2,3,4,5,6,7]},\"1427\":{\"type\":\"single\",\"id\":1427,\"catId\":403,\"points\":[1,0,0],\"correct\":[1,0,0]},\"1428\":{\"type\":\"single\",\"id\":1428,\"catId\":403,\"points\":[1,0,0],\"correct\":[1,0,0]},\"1429\":{\"type\":\"single\",\"id\":1429,\"catId\":403,\"points\":[1,0,0],\"correct\":[1,0,0]}}                }\n            });\n        <\/script>\n        \n\n\n<\/div><\/div>\n\n\n<p><\/p>\n\n\n\n<p>Willst du die <strong>reflexiven Verben<\/strong> in echten Gespr&auml;chen &uuml;ben? Im <a href=\"\/ger\/membership-account\/membership-checkout\/?level=4\">Italienischkurs A2-B1 in Milano<\/a> &uuml;ben wir genau solche Strukturen. Oder buche eine <a href=\"\/ger\/membership-account\/membership-checkout\/?level=6\">Einzelstunde<\/a>. Lies auch unseren Artikel zur <a href=\"\/ger\/verben-im-presente-konjugation\/\">Konjugation der regelm&auml;&szlig;igen Verben<\/a>.<\/p>\n\n\n\n<hr class=\"wp-block-separator has-alpha-channel-opacity is-style-wide\" \/>\n\n\n\n<h2 class=\"gb-headline gb-headline-h2-faq-1028 gb-headline-text\" id=\"faq\">FAQ: Reflexive Verben<\/h2>\n\n\n<div id=\"rank-math-faq\" class=\"rank-math-block\">\n<div class=\"rank-math-list \">\n<div id=\"faq-1028-q1\" class=\"rank-math-list-item\">\n<h3 class=\"rank-math-question \">Was sind reflexive Verben im Italienischen?<\/h3>\n<div class=\"rank-math-answer \">\n\n<p>Reflexive Verben beschreiben eine Handlung, die das Subjekt an sich selbst ausf\u00fchrt. Man erkennt sie am -si am Ende des Infinitivs: svegliarsi (aufwachen), lavarsi (sich waschen), vestirsi (sich anziehen). Das Reflexivpronomen (mi, ti, si, ci, vi, si) steht vor dem konjugierten Verb: Mi sveglio alle sette.<\/p>\n\n<\/div>\n<\/div>\n<div id=\"faq-1028-q2\" class=\"rank-math-list-item\">\n<h3 class=\"rank-math-question \">Welches Hilfsverb verwenden reflexive Verben im Passato Prossimo?<\/h3>\n<div class=\"rank-math-answer \">\n\n<p>Alle reflexiven Verben verwenden essere als Hilfsverb im Passato Prossimo. Das Partizip passt sich in Geschlecht und Zahl an das Subjekt an: Marco si \u00e8 svegliato (maskulin), Maria si \u00e8 svegliata (feminin), I ragazzi si sono svegliati (maskulin Plural), Le ragazze si sono svegliate (feminin Plural).<\/p>\n\n<\/div>\n<\/div>\n<div id=\"faq-1028-q3\" class=\"rank-math-list-item\">\n<h3 class=\"rank-math-question \">Wo steht das Reflexivpronomen bei Modalverben?<\/h3>\n<div class=\"rank-math-answer \">\n\n<p>Bei Modalverben (potere, dovere, volere) kann das Reflexivpronomen vor dem Modalverb oder am Infinitiv stehen. Beide Varianten sind korrekt: Mi devo alzare presto = Devo alzarmi presto (Ich muss fr\u00fch aufstehen). Ti vuoi sedere? = Vuoi sederti? (Willst du dich setzen?).<\/p>\n\n<\/div>\n<\/div>\n<div id=\"faq-1028-q4\" class=\"rank-math-list-item\">\n<h3 class=\"rank-math-question \">Was sind reziproke Verben?<\/h3>\n<div class=\"rank-math-answer \">\n\n<p>Reziproke Verben dr\u00fccken aus, dass zwei oder mehr Personen etwas gegenseitig tun. Sie verwenden dieselben Pronomen wie reflexive Verben, aber nur im Plural: Ci vediamo domani (Wir sehen uns morgen), Si amano (Sie lieben sich gegenseitig), Vi conoscete? (Kennt ihr euch?). Im Passato Prossimo verwenden sie ebenfalls essere.<\/p>\n\n<\/div>\n<\/div>\n<div id=\"faq-1028-q5\" class=\"rank-math-list-item\">\n<h3 class=\"rank-math-question \">Welche reflexiven Verben sind im Alltag am wichtigsten?<\/h3>\n<div class=\"rank-math-answer \">\n\n<p>Die wichtigsten reflexiven Verben f\u00fcr den Alltag sind: svegliarsi (aufwachen), alzarsi (aufstehen), lavarsi (sich waschen), vestirsi (sich anziehen), chiamarsi (hei\u00dfen), sentirsi (sich f\u00fchlen), sedersi (sich setzen), addormentarsi (einschlafen), divertirsi (sich am\u00fcsieren), arrabbiarsi (sich \u00e4rgern), preoccuparsi (sich Sorgen machen).<\/p>\n\n<\/div>\n<\/div>\n<\/div>\n<\/div>","protected":false},"excerpt":{"rendered":"<p>Kurz gesagt: Reflexive Verben (verbi riflessivi) im Italienischen erkennt man am -si am Ende des Infinitivs: svegliarsi (aufwachen), lavarsi (sich waschen), vestirsi (sich anziehen). Das Reflexivpronomen (mi, ti, si, ci, vi, si) steht vor dem konjugierten Verb. Im Passato Prossimo verwenden alle reflexiven Verben essere als Hilfsverb. Cosa impareremo oggi &#x1F446;&#x1F3FB;Links zu den Abschnitten Was &#8230; <a title=\"Reflexive Verben Italienisch: svegliarsi, lavarsi und Co.\" class=\"read-more\" href=\"https:\/\/dante-learning.com\/ger\/italienisch-reflexive-verben\/\" aria-label=\"Mehr Informationen \u00fcber Reflexive Verben Italienisch: svegliarsi, lavarsi und Co.\">Read more \u226b<\/a><\/p>\n","protected":false},"author":1,"featured_media":0,"comment_status":"open","ping_status":"open","sticky":false,"template":"","format":"standard","meta":{"_bbp_topic_count":0,"_bbp_reply_count":0,"_bbp_total_topic_count":0,"_bbp_total_reply_count":0,"_bbp_voice_count":0,"_bbp_anonymous_reply_count":0,"_bbp_topic_count_hidden":0,"_bbp_reply_count_hidden":0,"_bbp_forum_subforum_count":0,"pmpro_default_level":"","footnotes":""},"categories":[1],"tags":[],"class_list":["post-1028","post","type-post","status-publish","format-standard","hentry","category-uncategorized","generate-columns","tablet-grid-50","mobile-grid-100","grid-parent","grid-50","pmpro-has-access"],"_links":{"self":[{"href":"https:\/\/dante-learning.com\/ger\/wp-json\/wp\/v2\/posts\/1028","targetHints":{"allow":["GET"]}}],"collection":[{"href":"https:\/\/dante-learning.com\/ger\/wp-json\/wp\/v2\/posts"}],"about":[{"href":"https:\/\/dante-learning.com\/ger\/wp-json\/wp\/v2\/types\/post"}],"author":[{"embeddable":true,"href":"https:\/\/dante-learning.com\/ger\/wp-json\/wp\/v2\/users\/1"}],"replies":[{"embeddable":true,"href":"https:\/\/dante-learning.com\/ger\/wp-json\/wp\/v2\/comments?post=1028"}],"version-history":[{"count":3,"href":"https:\/\/dante-learning.com\/ger\/wp-json\/wp\/v2\/posts\/1028\/revisions"}],"predecessor-version":[{"id":4398,"href":"https:\/\/dante-learning.com\/ger\/wp-json\/wp\/v2\/posts\/1028\/revisions\/4398"}],"wp:attachment":[{"href":"https:\/\/dante-learning.com\/ger\/wp-json\/wp\/v2\/media?parent=1028"}],"wp:term":[{"taxonomy":"category","embeddable":true,"href":"https:\/\/dante-learning.com\/ger\/wp-json\/wp\/v2\/categories?post=1028"},{"taxonomy":"post_tag","embeddable":true,"href":"https:\/\/dante-learning.com\/ger\/wp-json\/wp\/v2\/tags?post=1028"}],"curies":[{"name":"wp","href":"https:\/\/api.w.org\/{rel}","templated":true}]}}